{"id":136194,"date":"2024-03-27T13:50:13","date_gmt":"2024-03-27T16:50:13","guid":{"rendered":"https:\/\/corrientesdetarde.com\/?p=136194"},"modified":"2024-03-27T13:50:24","modified_gmt":"2024-03-27T16:50:24","slug":"la-provincia-lanzo-la-campana-de-vacunacion-escolar-y-antigripal-garantizando-su-accesibilidad-a-la-poblacion","status":"publish","type":"post","link":"https:\/\/corrientesdetarde.com\/index.php\/bienestar-y-salud\/la-provincia-lanzo-la-campana-de-vacunacion-escolar-y-antigripal-garantizando-su-accesibilidad-a-la-poblacion\/","title":{"rendered":"La Provincia lanz\u00f3 la Campa\u00f1a de Vacunaci\u00f3n Escolar y Antigripal, garantizando su accesibilidad a la poblaci\u00f3n"},"content":{"rendered":"\n<p>Este mi\u00e9rcoles se present\u00f3 la Campa\u00f1a de Vacunaci\u00f3n Escolar y Antigripal que llevar\u00e1 adelante el Gobierno a lo largo de este a\u00f1o. En un acto realizado en la escuela Manuel Belgrano de la Capital, con la presencia de los ministros de Salud y Educaci\u00f3n, se remarc\u00f3 la importancia de completar el esquema de vacunaci\u00f3n de los ni\u00f1os, as\u00ed como tambi\u00e9n lo propio en los adultos.<\/p>\n\n\n\n<p>La prevenci\u00f3n constituye uno de los pilares de la salud p\u00fablica, por ello desde el Gobierno de Corrientes se garantizan las condiciones para que sean aplicadas en cada etapa de la vida.<\/p>\n\n\n\n<p>La vacunaci\u00f3n es un derecho de todos, de los ni\u00f1os principalmente, y es deber de Estado garantizar la accesibilidad a las vacunas. Para lograr la cobertura deseada es fundamental el acompa\u00f1amiento de los tutores, para que la tarea sanitaria sea cumplida oportunamente y lograr as\u00ed una poblaci\u00f3n saludable.<\/p>\n\n\n\n<p><strong>Ministro Cardozo<\/strong><\/p>\n\n\n\n<p>\u201c\u00c9sta tarea articulada entre los ministerios de Salud P\u00fablica y de Educaci\u00f3n y los padres de los chicos es fundamental para alcanzar nuestros logros sanitarios\u201d, remarc\u00f3 el ministro de Salud P\u00fablica, Ricardo Cardozo, en el marco del lanzamiento.<\/p>\n\n\n\n<p>El ministro dio cuenta que desde la cartera que dirige \u201ctenemos el objetivo sanitario de tener una cobertura de inmunizaci\u00f3n cada vez m\u00e1s alta, y as\u00ed evitar de que aparezcan brotes de alguna de estas enfermedades que son inmunoprevenibles\u201d.<\/p>\n\n\n\n<p>En este sentido, el funcionario record\u00f3 que \u201cmuchas de estas enfermedades han sido radicadas del pa\u00eds, como el sarampi\u00f3n en 2018; tambi\u00e9n la rubeola y la, varicela eran preocupantes y con las vacunas han sido superadas\u201d.<\/p>\n\n\n\n<p>Por otra parte, Cardozo destac\u00f3 la baja tasa en casos de meningitis en la provincia, y adem\u00e1s inst\u00f3 a la vacunaci\u00f3n contra el virus sincicial respiratorio, remarcando que, sobre todo, \u201ceste mensaje es para las embarazadas\u201d.<\/p>\n\n\n\n<p><strong>Ministra Pr\u00e1xedes L\u00f3pez<\/strong><\/p>\n\n\n\n<p>Al dirigirse a los presentes, la ministra de Educaci\u00f3n, Pr\u00e1xedes L\u00f3pez destac\u00f3 el trabajo de los docentes por incentivar la vacunaci\u00f3n.<\/p>\n\n\n\n<p>\u201cSin duda es un buen trabajo en conjunto entre Educaci\u00f3n y Salud. Una poblaci\u00f3n sana significa mayor escolarizaci\u00f3n\u201d, agreg\u00f3 en ese sentido.<\/p>\n\n\n\n<p><strong>Marina Cantero<\/strong><\/p>\n\n\n\n<p>Por su parte, Marina Cantero, directora de Inmunizaciones de la cartera sanitaria, indic\u00f3 que esta campa\u00f1a se realiza a\u00f1o a a\u00f1o y en todas las localidades de la provincia, tanto para establecimientos p\u00fablicos como privados. \u201cContamos con un calendario muy completo, por eso instamos a las familias a que vacunen a sus hijos\u201d.<\/p>\n\n\n\n<p>Sobre la vacuna antigripal, dijo que la semana pasada recibieron la primera partida, por lo que se estar\u00e1 vacunando en breve a los grupos de riesgo. Este a\u00f1o tambi\u00e9n se incorpor\u00f3 la vacuna contra el virus sincicial respiratorio, destinado a personas embarazadas de entre 32 y 36 semanas de gestaci\u00f3n.<\/p>\n\n\n\n<p>\u201cTodas las vacunas del calendario est\u00e1n disponibles y son gratuitas, as\u00ed que pueden acercarse a cualquier centro de salud\u201d, inform\u00f3 Cantero.<\/p>\n\n\n\n<p>Para finalizar el acto, y dar inicio a la campa\u00f1a, se aplic\u00f3 una vacuna a una alumna del establecimiento, simbolizando el inicio formal de la campa\u00f1a de vacunaci\u00f3n.<\/p>\n\n\n\n<p>Tambi\u00e9n participaron del acto, la directora de Epidemiolog\u00eda, Angelina Bobadilla, dem\u00e1s funcionarios de la cartera sanitaria, la directora de la Escuela N\u00b0 1 \u201cManuel Belgrano, profesora Norma Monz\u00f3n, autoridades de dicho establecimiento educativo, padres, tutores, alumnos, profesores y personal de salud.<\/p>\n\n\n\n<p><strong>Campa\u00f1a Antigripal<\/strong><\/p>\n\n\n\n<p>En la oportunidad, tambi\u00e9n se anunci\u00f3 el inicio de la Campa\u00f1a Antigripal, la que est\u00e1 destinada a los siguientes grupos:<\/p>\n\n\n\n<p>-Beb\u00e9s entre 6 y 24 meses (deben recibir 2 dosis si es la primera vez que se vacunan).<\/p>\n\n\n\n<p>-Personas gestantes en cualquier trimestre del embarazo.<\/p>\n\n\n\n<p>-Puerperio. Si no recibieron la vacuna durante el embarazo, dentro de los primeros 10 d\u00edas posteriores al parto.<\/p>\n\n\n\n<p>-Personas mayores de 65 a\u00f1os.<\/p>\n\n\n\n<p>-Personal de salud.<\/p>\n\n\n\n<p>-Personas con condiciones de riesgo entre 2 y 64 a\u00f1os, en caso de: enfermedades respiratorias. enfermedades card\u00edacas, inmunodeficiencias cong\u00e9nitas o adquiridas (personas viviendo con VIH, pacientes recibiendo tratamiento con corticoides a altas dosis), pacientes oncohematol\u00f3gicos y trasplantados, otros (personas con Obesidad, Diabetes, Insuficiencia Renal, Retraso Madurativo). Este grupo deber\u00e1 presentar orden m\u00e9dica.<\/p>\n\n\n\n<p>La vacuna antigripal es gratuita para la poblaci\u00f3n objetivo y se puede aplicar junto con cualquier otra vacuna del Calendario Nacional. Adem\u00e1s, es importante que toda persona que concurra al vacunatorio, centro de salud u hospital lleve su carnet de vacunaci\u00f3n y el de sus hijos para su chequeo por parte del equipo de salud.<\/p>\n\n\n\n<p>La gripe o influenza es una enfermedad viral respiratoria muy transmisible. Por lo general, la mayor\u00eda de los afectados se recupera en una o dos semanas. Sin embargo, puede ocasionar graves complicaciones \u2013incluso la muerte\u2013 en los extremos de la vida, personas embarazadas y personas con factores de riesgo.<\/p>\n\n\n\n<p>Desde la cartera sanitaria se sostiene la importancia de vacunarse contra la gripe en forma oportuna, idealmente antes del comienzo del invierno, etapa de mayor circulaci\u00f3n del virus influenza. No obstante, y en consonancia con el escenario epidemiol\u00f3gico nacional, regional y local, la vacunaci\u00f3n antigripal se continuar\u00e1 realizando seg\u00fan la circulaci\u00f3n viral.<\/p>\n\n\n\n<figure class=\"wp-block-image size-large\"><img loading=\"lazy\" decoding=\"async\" width=\"1024\" height=\"682\" src=\"https:\/\/corrientesdetarde.com\/wp-content\/uploads\/2024\/03\/image-724-1024x682.png\" alt=\"\" class=\"wp-image-136195\" srcset=\"https:\/\/corrientesdetarde.com\/wp-content\/uploads\/2024\/03\/image-724-1024x682.png 1024w, https:\/\/corrientesdetarde.com\/wp-content\/uploads\/2024\/03\/image-724-300x200.png 300w, https:\/\/corrientesdetarde.com\/wp-content\/uploads\/2024\/03\/image-724-768x512.png 768w, https:\/\/corrientesdetarde.com\/wp-content\/uploads\/2024\/03\/image-724-1536x1023.png 1536w, https:\/\/corrientesdetarde.com\/wp-content\/uploads\/2024\/03\/image-724.png 1600w\" sizes=\"auto, (max-width: 1024px) 100vw, 1024px\" \/><\/figure>\n\n\n\n<figure class=\"wp-block-image size-large\"><img loading=\"lazy\" decoding=\"async\" width=\"1024\" height=\"652\" src=\"https:\/\/corrientesdetarde.com\/wp-content\/uploads\/2024\/03\/image-725-1024x652.png\" alt=\"\" class=\"wp-image-136196\" srcset=\"https:\/\/corrientesdetarde.com\/wp-content\/uploads\/2024\/03\/image-725-1024x652.png 1024w, https:\/\/corrientesdetarde.com\/wp-content\/uploads\/2024\/03\/image-725-300x191.png 300w, https:\/\/corrientesdetarde.com\/wp-content\/uploads\/2024\/03\/image-725-768x489.png 768w, https:\/\/corrientesdetarde.com\/wp-content\/uploads\/2024\/03\/image-725.png 1523w\" sizes=\"auto, (max-width: 1024px) 100vw, 1024px\" \/><\/figure>\n\n\n\n<figure class=\"wp-block-image size-large\"><img loading=\"lazy\" decoding=\"async\" width=\"1024\" height=\"682\" src=\"https:\/\/corrientesdetarde.com\/wp-content\/uploads\/2024\/03\/image-726-1024x682.png\" alt=\"\" class=\"wp-image-136197\" srcset=\"https:\/\/corrientesdetarde.com\/wp-content\/uploads\/2024\/03\/image-726-1024x682.png 1024w, https:\/\/corrientesdetarde.com\/wp-content\/uploads\/2024\/03\/image-726-300x200.png 300w, https:\/\/corrientesdetarde.com\/wp-content\/uploads\/2024\/03\/image-726-768x512.png 768w, https:\/\/corrientesdetarde.com\/wp-content\/uploads\/2024\/03\/image-726-1536x1023.png 1536w, https:\/\/corrientesdetarde.com\/wp-content\/uploads\/2024\/03\/image-726.png 1600w\" sizes=\"auto, (max-width: 1024px) 100vw, 1024px\" \/><\/figure>\n\n\n\n<figure class=\"wp-block-image size-large\"><img loading=\"lazy\" decoding=\"async\" width=\"1024\" height=\"682\" src=\"https:\/\/corrientesdetarde.com\/wp-content\/uploads\/2024\/03\/image-727-1024x682.png\" alt=\"\" class=\"wp-image-136198\" srcset=\"https:\/\/corrientesdetarde.com\/wp-content\/uploads\/2024\/03\/image-727-1024x682.png 1024w, https:\/\/corrientesdetarde.com\/wp-content\/uploads\/2024\/03\/image-727-300x200.png 300w, https:\/\/corrientesdetarde.com\/wp-content\/uploads\/2024\/03\/image-727-768x512.png 768w, https:\/\/corrientesdetarde.com\/wp-content\/uploads\/2024\/03\/image-727-1536x1023.png 1536w, https:\/\/corrientesdetarde.com\/wp-content\/uploads\/2024\/03\/image-727.png 1600w\" sizes=\"auto, (max-width: 1024px) 100vw, 1024px\" \/><\/figure>\n\n\n\n<figure class=\"wp-block-image size-large\"><img loading=\"lazy\" decoding=\"async\" width=\"1024\" height=\"682\" src=\"https:\/\/corrientesdetarde.com\/wp-content\/uploads\/2024\/03\/image-728-1024x682.png\" alt=\"\" class=\"wp-image-136199\" srcset=\"https:\/\/corrientesdetarde.com\/wp-content\/uploads\/2024\/03\/image-728-1024x682.png 1024w, https:\/\/corrientesdetarde.com\/wp-content\/uploads\/2024\/03\/image-728-300x200.png 300w, https:\/\/corrientesdetarde.com\/wp-content\/uploads\/2024\/03\/image-728-768x512.png 768w, https:\/\/corrientesdetarde.com\/wp-content\/uploads\/2024\/03\/image-728-1536x1023.png 1536w, https:\/\/corrientesdetarde.com\/wp-content\/uploads\/2024\/03\/image-728.png 1600w\" sizes=\"auto, (max-width: 1024px) 100vw, 1024px\" \/><\/figure>\n\n\n\n<figure class=\"wp-block-image size-large\"><img loading=\"lazy\" decoding=\"async\" width=\"1024\" height=\"735\" src=\"https:\/\/corrientesdetarde.com\/wp-content\/uploads\/2024\/03\/image-730-1024x735.png\" alt=\"\" class=\"wp-image-136201\" srcset=\"https:\/\/corrientesdetarde.com\/wp-content\/uploads\/2024\/03\/image-730-1024x735.png 1024w, https:\/\/corrientesdetarde.com\/wp-content\/uploads\/2024\/03\/image-730-300x215.png 300w, https:\/\/corrientesdetarde.com\/wp-content\/uploads\/2024\/03\/image-730-768x551.png 768w, https:\/\/corrientesdetarde.com\/wp-content\/uploads\/2024\/03\/image-730.png 1363w\" sizes=\"auto, (max-width: 1024px) 100vw, 1024px\" \/><\/figure>\n\n\n\n<figure class=\"wp-block-image size-large\"><img loading=\"lazy\" decoding=\"async\" width=\"1024\" height=\"682\" src=\"https:\/\/corrientesdetarde.com\/wp-content\/uploads\/2024\/03\/image-731-1024x682.png\" alt=\"\" class=\"wp-image-136202\" srcset=\"https:\/\/corrientesdetarde.com\/wp-content\/uploads\/2024\/03\/image-731-1024x682.png 1024w, https:\/\/corrientesdetarde.com\/wp-content\/uploads\/2024\/03\/image-731-300x200.png 300w, https:\/\/corrientesdetarde.com\/wp-content\/uploads\/2024\/03\/image-731-768x512.png 768w, https:\/\/corrientesdetarde.com\/wp-content\/uploads\/2024\/03\/image-731-1536x1023.png 1536w, https:\/\/corrientesdetarde.com\/wp-content\/uploads\/2024\/03\/image-731.png 1600w\" sizes=\"auto, (max-width: 1024px) 100vw, 1024px\" \/><\/figure>\n\n\n\n<figure class=\"wp-block-image size-large\"><img loading=\"lazy\" decoding=\"async\" width=\"1024\" height=\"682\" src=\"https:\/\/corrientesdetarde.com\/wp-content\/uploads\/2024\/03\/image-732-1024x682.png\" alt=\"\" class=\"wp-image-136204\" srcset=\"https:\/\/corrientesdetarde.com\/wp-content\/uploads\/2024\/03\/image-732-1024x682.png 1024w, https:\/\/corrientesdetarde.com\/wp-content\/uploads\/2024\/03\/image-732-300x200.png 300w, https:\/\/corrientesdetarde.com\/wp-content\/uploads\/2024\/03\/image-732-768x512.png 768w, https:\/\/corrientesdetarde.com\/wp-content\/uploads\/2024\/03\/image-732-1536x1023.png 1536w, https:\/\/corrientesdetarde.com\/wp-content\/uploads\/2024\/03\/image-732.png 1600w\" sizes=\"auto, (max-width: 1024px) 100vw, 1024px\" \/><\/figure>\n","protected":false},"excerpt":{"rendered":"<p>Este mi\u00e9rcoles se present\u00f3 la Campa\u00f1a de Vacunaci\u00f3n Escolar y Antigripal que llevar\u00e1 adelante el Gobierno a lo largo de este a\u00f1o. En un acto realizado en la escuela Manuel&hellip; <\/p>\n","protected":false},"author":8,"featured_media":136200,"comment_status":"closed","ping_status":"open","sticky":false,"template":"","format":"standard","meta":{"footnotes":""},"categories":[16,32],"tags":[],"class_list":["post-136194","post","type-post","status-publish","format-standard","has-post-thumbnail","hentry","category-bienestar-y-salud","category-educacion"],"_links":{"self":[{"href":"https:\/\/corrientesdetarde.com\/index.php\/wp-json\/wp\/v2\/posts\/136194","targetHints":{"allow":["GET"]}}],"collection":[{"href":"https:\/\/corrientesdetarde.com\/index.php\/wp-json\/wp\/v2\/posts"}],"about":[{"href":"https:\/\/corrientesdetarde.com\/index.php\/wp-json\/wp\/v2\/types\/post"}],"author":[{"embeddable":true,"href":"https:\/\/corrientesdetarde.com\/index.php\/wp-json\/wp\/v2\/users\/8"}],"replies":[{"embeddable":true,"href":"https:\/\/corrientesdetarde.com\/index.php\/wp-json\/wp\/v2\/comments?post=136194"}],"version-history":[{"count":1,"href":"https:\/\/corrientesdetarde.com\/index.php\/wp-json\/wp\/v2\/posts\/136194\/revisions"}],"predecessor-version":[{"id":136205,"href":"https:\/\/corrientesdetarde.com\/index.php\/wp-json\/wp\/v2\/posts\/136194\/revisions\/136205"}],"wp:featuredmedia":[{"embeddable":true,"href":"https:\/\/corrientesdetarde.com\/index.php\/wp-json\/wp\/v2\/media\/136200"}],"wp:attachment":[{"href":"https:\/\/corrientesdetarde.com\/index.php\/wp-json\/wp\/v2\/media?parent=136194"}],"wp:term":[{"taxonomy":"category","embeddable":true,"href":"https:\/\/corrientesdetarde.com\/index.php\/wp-json\/wp\/v2\/categories?post=136194"},{"taxonomy":"post_tag","embeddable":true,"href":"https:\/\/corrientesdetarde.com\/index.php\/wp-json\/wp\/v2\/tags?post=136194"}],"curies":[{"name":"wp","href":"https:\/\/api.w.org\/{rel}","templated":true}]}}