{"id":136203,"date":"2024-03-27T13:58:14","date_gmt":"2024-03-27T16:58:14","guid":{"rendered":"https:\/\/corrientesdetarde.com\/?p=136203"},"modified":"2024-03-27T13:58:26","modified_gmt":"2024-03-27T16:58:26","slug":"la-salud-de-altamirano-y-la-situacion-de-los-jugadores-de-velez-acusados-de-violacion","status":"publish","type":"post","link":"https:\/\/corrientesdetarde.com\/index.php\/deportes\/la-salud-de-altamirano-y-la-situacion-de-los-jugadores-de-velez-acusados-de-violacion\/","title":{"rendered":"La salud de Altamirano y la situaci\u00f3n de los jugadores de V\u00e9lez acusados de violaci\u00f3n"},"content":{"rendered":"\n<p><strong>Por Coco Ram\u00f3n<\/strong><\/p>\n\n\n\n<figure class=\"wp-block-embed is-type-video is-provider-youtube wp-block-embed-youtube wp-embed-aspect-16-9 wp-has-aspect-ratio\"><div class=\"wp-block-embed__wrapper\">\n<iframe loading=\"lazy\" title=\"La salud de Altamirano y la situaci\u00f3n de los jugadores de V\u00e9lez acusados de violaci\u00f3n\" width=\"1110\" height=\"624\" src=\"https:\/\/www.youtube.com\/embed\/TsRywAjkXjk?feature=oembed\" frameborder=\"0\" allow=\"accelerometer; autoplay; clipboard-write; encrypted-media; gyroscope; picture-in-picture; web-share\" referrerpolicy=\"strict-origin-when-cross-origin\" allowfullscreen><\/iframe>\n<\/div><\/figure>\n\n\n\n<p>Dos noticias sobre el mundo del f\u00fatbol. C\u00f3mo sigue la salud de Javier Altamirano. \u00bfRecuerdan aquel jugador de estudiantes que le dio convulsiones dentro del campo de juego y que despu\u00e9s obviamente del partido entre Boca y Estudiantes se tuvo que suspender. Y por supuesto tambi\u00e9n la actualidad de lo que est\u00e1 pasando con los jugadores de V\u00e9lez que est\u00e1n sospechados de una violaci\u00f3n en Tucum\u00e1n, luego del partido con Atl\u00e9tico Tucum\u00e1n. Los detalles en el videoreporte.<\/p>\n","protected":false},"excerpt":{"rendered":"<p>Por Coco Ram\u00f3n Dos noticias sobre el mundo del f\u00fatbol. C\u00f3mo sigue la salud de Javier Altamirano. \u00bfRecuerdan aquel jugador de estudiantes que le dio convulsiones dentro del campo de&hellip; <\/p>\n","protected":false},"author":11,"featured_media":136213,"comment_status":"closed","ping_status":"open","sticky":false,"template":"","format":"standard","meta":{"footnotes":""},"categories":[4],"tags":[],"class_list":["post-136203","post","type-post","status-publish","format-standard","has-post-thumbnail","hentry","category-deportes"],"_links":{"self":[{"href":"https:\/\/corrientesdetarde.com\/index.php\/wp-json\/wp\/v2\/posts\/136203","targetHints":{"allow":["GET"]}}],"collection":[{"href":"https:\/\/corrientesdetarde.com\/index.php\/wp-json\/wp\/v2\/posts"}],"about":[{"href":"https:\/\/corrientesdetarde.com\/index.php\/wp-json\/wp\/v2\/types\/post"}],"author":[{"embeddable":true,"href":"https:\/\/corrientesdetarde.com\/index.php\/wp-json\/wp\/v2\/users\/11"}],"replies":[{"embeddable":true,"href":"https:\/\/corrientesdetarde.com\/index.php\/wp-json\/wp\/v2\/comments?post=136203"}],"version-history":[{"count":2,"href":"https:\/\/corrientesdetarde.com\/index.php\/wp-json\/wp\/v2\/posts\/136203\/revisions"}],"predecessor-version":[{"id":136215,"href":"https:\/\/corrientesdetarde.com\/index.php\/wp-json\/wp\/v2\/posts\/136203\/revisions\/136215"}],"wp:featuredmedia":[{"embeddable":true,"href":"https:\/\/corrientesdetarde.com\/index.php\/wp-json\/wp\/v2\/media\/136213"}],"wp:attachment":[{"href":"https:\/\/corrientesdetarde.com\/index.php\/wp-json\/wp\/v2\/media?parent=136203"}],"wp:term":[{"taxonomy":"category","embeddable":true,"href":"https:\/\/corrientesdetarde.com\/index.php\/wp-json\/wp\/v2\/categories?post=136203"},{"taxonomy":"post_tag","embeddable":true,"href":"https:\/\/corrientesdetarde.com\/index.php\/wp-json\/wp\/v2\/tags?post=136203"}],"curies":[{"name":"wp","href":"https:\/\/api.w.org\/{rel}","templated":true}]}}