{"id":136299,"date":"2024-03-27T18:17:36","date_gmt":"2024-03-27T21:17:36","guid":{"rendered":"https:\/\/corrientesdetarde.com\/?p=136299"},"modified":"2024-03-27T18:17:40","modified_gmt":"2024-03-27T21:17:40","slug":"al-cambio-de-nombre-del-cck-se-suma-el-del-salon-pueblos-originarios-de-casa-rosada","status":"publish","type":"post","link":"https:\/\/corrientesdetarde.com\/index.php\/politica\/al-cambio-de-nombre-del-cck-se-suma-el-del-salon-pueblos-originarios-de-casa-rosada\/","title":{"rendered":"Al cambio de nombre del CCK se suma el del Sal\u00f3n Pueblos Originarios de Casa Rosada"},"content":{"rendered":"\n<p><strong>Por Juan Pablo Peralta desde Casa Rosada<\/strong><\/p>\n\n\n\n<p>El presidente Javier Milei se mantuvo este mi\u00e9rcoles en la Residencia de Olivos sin agenda p\u00fablica. Por su parte, Manuel Adorni record\u00f3 en su conferencia de prensa los 33 a\u00f1os que se cumplen desde la promulgaci\u00f3n de la Ley de Convertibilidad, con la finalidad de destacar el apoyo de &#8220;la pol\u00edtica&#8221; que tuvo para eso el gobierno de Carlos Menem y del que hoy no goza el actual jefe de Estado. En su rueda de prensa habitual anunci\u00f3 que se da de baja el patr\u00f3n de cooperativas ligadas a organizaciones sociales, record\u00f3 a los usuarios revalidar la Tarjeta SUBE y aclar\u00f3 que no son 70 mil los despidos en el Estado, como dijo el propio Milei, sino 15 mil en esta primera etapa de auditor\u00eda que continuar\u00e1 con el resto de manera trimestral.<\/p>\n\n\n\n<figure class=\"wp-block-embed is-type-video is-provider-youtube wp-block-embed-youtube wp-embed-aspect-16-9 wp-has-aspect-ratio\"><div class=\"wp-block-embed__wrapper\">\n<iframe loading=\"lazy\" title=\"Al cambio de nombre del CCK se suma el del Sal\u00f3n Pueblos Originarios de Casa Rosada\" width=\"1110\" height=\"624\" src=\"https:\/\/www.youtube.com\/embed\/FRALN2UC4-k?feature=oembed\" frameborder=\"0\" allow=\"accelerometer; autoplay; clipboard-write; encrypted-media; gyroscope; picture-in-picture; web-share\" referrerpolicy=\"strict-origin-when-cross-origin\" allowfullscreen><\/iframe>\n<\/div><\/figure>\n\n\n\n<p>El vocero presidencial defendi\u00f3 la suba del gas, que alcanzar\u00e1 un 300% y dijo que no est\u00e1 en an\u00e1lisis la venta del predio que ocupa la TV P\u00fablica, aunque aclar\u00f3 que toda empresa estatal es pasible de privatizaci\u00f3n, cierre o desafectaci\u00f3n de sus asalariados. Lo que no implica que eso vaya a ocurrir con todas, explicit\u00f3. Por \u00faltimo, en la sede del PEN se dieron a conocer extraoficialmente las actividades del presidente y de su hermana Karina Milei el pr\u00f3ximo 2 de abril al cumplirse 42 a\u00f1os de la guerra de Malvinas.<\/p>\n","protected":false},"excerpt":{"rendered":"<p>Por Juan Pablo Peralta desde Casa Rosada El presidente Javier Milei se mantuvo este mi\u00e9rcoles en la Residencia de Olivos sin agenda p\u00fablica. Por su parte, Manuel Adorni record\u00f3 en&hellip; <\/p>\n","protected":false},"author":11,"featured_media":136300,"comment_status":"closed","ping_status":"open","sticky":false,"template":"","format":"standard","meta":{"footnotes":""},"categories":[10,3],"tags":[538,655,86,336,1338,1824],"class_list":["post-136299","post","type-post","status-publish","format-standard","has-post-thumbnail","hentry","category-nacionales","category-politica","tag-aumento","tag-gas","tag-malvinas","tag-milei","tag-tarifas","tag-tarjeta-sube"],"_links":{"self":[{"href":"https:\/\/corrientesdetarde.com\/index.php\/wp-json\/wp\/v2\/posts\/136299","targetHints":{"allow":["GET"]}}],"collection":[{"href":"https:\/\/corrientesdetarde.com\/index.php\/wp-json\/wp\/v2\/posts"}],"about":[{"href":"https:\/\/corrientesdetarde.com\/index.php\/wp-json\/wp\/v2\/types\/post"}],"author":[{"embeddable":true,"href":"https:\/\/corrientesdetarde.com\/index.php\/wp-json\/wp\/v2\/users\/11"}],"replies":[{"embeddable":true,"href":"https:\/\/corrientesdetarde.com\/index.php\/wp-json\/wp\/v2\/comments?post=136299"}],"version-history":[{"count":2,"href":"https:\/\/corrientesdetarde.com\/index.php\/wp-json\/wp\/v2\/posts\/136299\/revisions"}],"predecessor-version":[{"id":136302,"href":"https:\/\/corrientesdetarde.com\/index.php\/wp-json\/wp\/v2\/posts\/136299\/revisions\/136302"}],"wp:featuredmedia":[{"embeddable":true,"href":"https:\/\/corrientesdetarde.com\/index.php\/wp-json\/wp\/v2\/media\/136300"}],"wp:attachment":[{"href":"https:\/\/corrientesdetarde.com\/index.php\/wp-json\/wp\/v2\/media?parent=136299"}],"wp:term":[{"taxonomy":"category","embeddable":true,"href":"https:\/\/corrientesdetarde.com\/index.php\/wp-json\/wp\/v2\/categories?post=136299"},{"taxonomy":"post_tag","embeddable":true,"href":"https:\/\/corrientesdetarde.com\/index.php\/wp-json\/wp\/v2\/tags?post=136299"}],"curies":[{"name":"wp","href":"https:\/\/api.w.org\/{rel}","templated":true}]}}