{"id":136309,"date":"2024-03-27T20:30:57","date_gmt":"2024-03-27T23:30:57","guid":{"rendered":"https:\/\/corrientesdetarde.com\/?p=136309"},"modified":"2024-03-27T20:31:09","modified_gmt":"2024-03-27T23:31:09","slug":"brasil-y-francia-lanzaron-un-plan-para-proyectos-de-economia-sostenible-en-la-amazonia","status":"publish","type":"post","link":"https:\/\/corrientesdetarde.com\/index.php\/internacionales\/brasil-y-francia-lanzaron-un-plan-para-proyectos-de-economia-sostenible-en-la-amazonia\/","title":{"rendered":"Brasil y Francia lanzaron un plan para proyectos de econom\u00eda sostenible en la Amazon\u00eda"},"content":{"rendered":"\n<p>Los presidentes de ambas naciones, Lula Da Silva y Emmanuel Macron, esperan recaudar 1.000 millones de d\u00f3lares.<\/p>\n\n\n\n<p>Los presidentes de<strong>&nbsp;Brasil&nbsp;y Francia, Luiz In\u00e1cio Lula da Silva y Emmanuel Macron&nbsp;<\/strong>respectivamente, lanzaron un plan para recaudar m\u00e1s de&nbsp;1.000 millones de euros (1.082 millones de d\u00f3lares) en inversiones&nbsp;p\u00fablicas y privadas en proyectos de econom\u00eda sostenible en la&nbsp;Amazonia brasile\u00f1a y la Guayana francesa.<\/p>\n\n\n\n<p>El plan de acci\u00f3n fue presentado en la<strong>&nbsp;ciudad amaz\u00f3nica de&nbsp;Bel\u00e9m, capital regional de Par\u00e1&nbsp;<\/strong>y sede en 2025 de la Conferencia&nbsp;de las Naciones sobre el Cambio Clim\u00e1tico (COP-30), durante la&nbsp;visita oficial que Macron inici\u00f3 este martes en Brasil, hasta el&nbsp;jueves, inform\u00f3 la agencia de noticias Xinhua.<\/p>\n\n\n\n<p>El&nbsp;<strong>programa<\/strong>&nbsp;prev\u00e9 una asociaci\u00f3n t\u00e9cnica y financiera entre los&nbsp;bancos p\u00fablicos brasile\u00f1os, entre ellos el BASA y el BNDES, y la&nbsp;Agencia Francesa de Desarrollo, presente en Brasil y en la Guayana&nbsp;Francesa.<\/p>\n\n\n\n<p>Seg\u00fan la planificaci\u00f3n, el plan incluye un nuevo acuerdo&nbsp;cient\u00edfico entre&nbsp;<strong>Francia y Brasil,<\/strong>&nbsp;operado por CIRAD y Embrapa,&nbsp;que permitir\u00e1 desarrollar proyectos de investigaci\u00f3n en sectores&nbsp;sostenibles.<\/p>\n\n\n\n<p>En la misma l\u00ednea, los dos gobiernos afirmaron que trabajan<br>para presentar&nbsp;<strong>&#8220;un gran plan de inversi\u00f3n global, p\u00fablico y&nbsp;privado, para la bioeconom\u00eda&#8221; en la cumbre del G20<\/strong>, que se&nbsp;realizar\u00e1 en noviembre pr\u00f3ximo en la ciudad brasile\u00f1a de R\u00edo de&nbsp;Janeiro, al tener Brasil su presidencia rotativa.<\/p>\n\n\n\n<p><strong>&#8220;Este plan puede y debe ser compatible con el objetivo de&nbsp;aumentar la capacidad de secuestro de CO2 de los bosques, reducir&nbsp;las emisiones de CO2 en el sector forestal y proteger y gestionar&nbsp;de forma sostenible la biodiversidad&#8221;<\/strong>, se\u00f1al\u00f3 en un comunicado la&nbsp;Presidencia brasile\u00f1a. &nbsp; &nbsp; &nbsp; &nbsp;&nbsp;<\/p>\n","protected":false},"excerpt":{"rendered":"<p>Los presidentes de ambas naciones, Lula Da Silva y Emmanuel Macron, esperan recaudar 1.000 millones de d\u00f3lares. Los presidentes de&nbsp;Brasil&nbsp;y Francia, Luiz In\u00e1cio Lula da Silva y Emmanuel Macron&nbsp;respectivamente, lanzaron&hellip; <\/p>\n","protected":false},"author":4,"featured_media":136314,"comment_status":"closed","ping_status":"open","sticky":false,"template":"","format":"standard","meta":{"footnotes":""},"categories":[11],"tags":[],"class_list":["post-136309","post","type-post","status-publish","format-standard","has-post-thumbnail","hentry","category-internacionales"],"_links":{"self":[{"href":"https:\/\/corrientesdetarde.com\/index.php\/wp-json\/wp\/v2\/posts\/136309","targetHints":{"allow":["GET"]}}],"collection":[{"href":"https:\/\/corrientesdetarde.com\/index.php\/wp-json\/wp\/v2\/posts"}],"about":[{"href":"https:\/\/corrientesdetarde.com\/index.php\/wp-json\/wp\/v2\/types\/post"}],"author":[{"embeddable":true,"href":"https:\/\/corrientesdetarde.com\/index.php\/wp-json\/wp\/v2\/users\/4"}],"replies":[{"embeddable":true,"href":"https:\/\/corrientesdetarde.com\/index.php\/wp-json\/wp\/v2\/comments?post=136309"}],"version-history":[{"count":1,"href":"https:\/\/corrientesdetarde.com\/index.php\/wp-json\/wp\/v2\/posts\/136309\/revisions"}],"predecessor-version":[{"id":136317,"href":"https:\/\/corrientesdetarde.com\/index.php\/wp-json\/wp\/v2\/posts\/136309\/revisions\/136317"}],"wp:featuredmedia":[{"embeddable":true,"href":"https:\/\/corrientesdetarde.com\/index.php\/wp-json\/wp\/v2\/media\/136314"}],"wp:attachment":[{"href":"https:\/\/corrientesdetarde.com\/index.php\/wp-json\/wp\/v2\/media?parent=136309"}],"wp:term":[{"taxonomy":"category","embeddable":true,"href":"https:\/\/corrientesdetarde.com\/index.php\/wp-json\/wp\/v2\/categories?post=136309"},{"taxonomy":"post_tag","embeddable":true,"href":"https:\/\/corrientesdetarde.com\/index.php\/wp-json\/wp\/v2\/tags?post=136309"}],"curies":[{"name":"wp","href":"https:\/\/api.w.org\/{rel}","templated":true}]}}