{"id":136312,"date":"2024-03-27T20:50:39","date_gmt":"2024-03-27T23:50:39","guid":{"rendered":"https:\/\/corrientesdetarde.com\/?p=136312"},"modified":"2024-03-27T20:50:50","modified_gmt":"2024-03-27T23:50:50","slug":"john-hurtig-hermano-de-maria-marta-tras-la-condena-a-pachelo-llego-la-justicia-tardisimo","status":"publish","type":"post","link":"https:\/\/corrientesdetarde.com\/index.php\/actualidad\/john-hurtig-hermano-de-maria-marta-tras-la-condena-a-pachelo-llego-la-justicia-tardisimo\/","title":{"rendered":"John Hurtig, hermano de Mar\u00eda Marta, tras la condena a Pachelo: &#8220;Lleg\u00f3 la justicia, tard\u00edsimo&#8221;"},"content":{"rendered":"\n<p>&#8220;Por lo menos lleg\u00f3 la justicia, tard\u00edsimo, pero prefiero que haya llegado a que no&#8221;, se\u00f1al\u00f3.<\/p>\n\n\n\n<p>El medio hermano de Mar\u00eda Marta Garc\u00eda Belsunce Juan Urtig sostuvo que&nbsp;<strong>Nicol\u00e1s Pachelo &#8220;se va a pudrir en la c\u00e1rcel&#8221;<\/strong>&nbsp;tras ser condenado a prisi\u00f3n perpetua por el crimen de la mujer ocurrido el 27 de octubre de 2002 y se consol\u00f3 que &#8220;por lo menos lleg\u00f3 la justicia&#8221;, aunque haya sido &#8220;tard\u00edsimo&#8221;.<\/p>\n\n\n\n<p>La Sala I de Casaci\u00f3n Bonaerense despu\u00e9s de analizar la sentencia de su absoluci\u00f3n en diciembre de 2022 concluy\u00f3 que<strong>&nbsp;Pachelo es el autor penalmente responsable de los delitos de robo agravado<\/strong>&nbsp;por el uso de arma y homicidio criminis causae agravado por el uso de arma de fuego.<\/p>\n\n\n\n<p>Juan Hurtig, en di\u00e1logo con Robertito Funes Ugarte y equipo en Co te va Co te va por Splendid AM 990, consider\u00f3:&nbsp;<strong>&#8220;Por lo menos lleg\u00f3 la justicia<\/strong>, tard\u00edsimo, pero prefiero que haya llegado a que no&#8221;.<\/p>\n\n\n\n<p><strong>&#8220;Yo lo quer\u00eda preso a Pachelo&#8221;<\/strong>, expres\u00f3 el hermanastro de la v\u00edctima que fue quien encontr\u00f3 la famosa &#8220;bala-pituto&#8221; debajo del cuerpo de Garc\u00eda Belsunce y admiti\u00f3 haberla arrojado por el inodoro, pero sin saber que era un proyectil.<\/p>\n\n\n\n<p>Adem\u00e1s, critic\u00f3 al ex fiscal de la causa Diego Molina Pico: &#8220;Desde el primer d\u00eda, sab\u00eda todo. Al mejor fiscal de la Argentina, lo meten en flagrancia. La justicia misma sab\u00eda la verdad&#8221;.<\/p>\n\n\n\n<p>&#8220;Mar\u00eda Marta va a descansar en paz, ahora s\u00ed&#8221;, concluy\u00f3&nbsp;Hurtig que hab\u00eda sido condenado en 2011 a tres a\u00f1os y medio de prisi\u00f3n por el encubrimiento del homicidio. Al poco tiempo recuper\u00f3 la libertad.<\/p>\n","protected":false},"excerpt":{"rendered":"<p>&#8220;Por lo menos lleg\u00f3 la justicia, tard\u00edsimo, pero prefiero que haya llegado a que no&#8221;, se\u00f1al\u00f3. El medio hermano de Mar\u00eda Marta Garc\u00eda Belsunce Juan Urtig sostuvo que&nbsp;Nicol\u00e1s Pachelo &#8220;se&hellip; <\/p>\n","protected":false},"author":4,"featured_media":136327,"comment_status":"closed","ping_status":"open","sticky":false,"template":"","format":"standard","meta":{"footnotes":""},"categories":[23],"tags":[],"class_list":["post-136312","post","type-post","status-publish","format-standard","has-post-thumbnail","hentry","category-actualidad"],"_links":{"self":[{"href":"https:\/\/corrientesdetarde.com\/index.php\/wp-json\/wp\/v2\/posts\/136312","targetHints":{"allow":["GET"]}}],"collection":[{"href":"https:\/\/corrientesdetarde.com\/index.php\/wp-json\/wp\/v2\/posts"}],"about":[{"href":"https:\/\/corrientesdetarde.com\/index.php\/wp-json\/wp\/v2\/types\/post"}],"author":[{"embeddable":true,"href":"https:\/\/corrientesdetarde.com\/index.php\/wp-json\/wp\/v2\/users\/4"}],"replies":[{"embeddable":true,"href":"https:\/\/corrientesdetarde.com\/index.php\/wp-json\/wp\/v2\/comments?post=136312"}],"version-history":[{"count":1,"href":"https:\/\/corrientesdetarde.com\/index.php\/wp-json\/wp\/v2\/posts\/136312\/revisions"}],"predecessor-version":[{"id":136328,"href":"https:\/\/corrientesdetarde.com\/index.php\/wp-json\/wp\/v2\/posts\/136312\/revisions\/136328"}],"wp:featuredmedia":[{"embeddable":true,"href":"https:\/\/corrientesdetarde.com\/index.php\/wp-json\/wp\/v2\/media\/136327"}],"wp:attachment":[{"href":"https:\/\/corrientesdetarde.com\/index.php\/wp-json\/wp\/v2\/media?parent=136312"}],"wp:term":[{"taxonomy":"category","embeddable":true,"href":"https:\/\/corrientesdetarde.com\/index.php\/wp-json\/wp\/v2\/categories?post=136312"},{"taxonomy":"post_tag","embeddable":true,"href":"https:\/\/corrientesdetarde.com\/index.php\/wp-json\/wp\/v2\/tags?post=136312"}],"curies":[{"name":"wp","href":"https:\/\/api.w.org\/{rel}","templated":true}]}}