{"id":136318,"date":"2024-03-27T20:33:39","date_gmt":"2024-03-27T23:33:39","guid":{"rendered":"https:\/\/corrientesdetarde.com\/?p=136318"},"modified":"2024-03-27T20:33:42","modified_gmt":"2024-03-27T23:33:42","slug":"el-papa-francisco-se-mostro-mejor-de-salud-en-su-audiencia-semanal","status":"publish","type":"post","link":"https:\/\/corrientesdetarde.com\/index.php\/internacionales\/el-papa-francisco-se-mostro-mejor-de-salud-en-su-audiencia-semanal\/","title":{"rendered":"El papa Francisco se mostr\u00f3 mejor de salud en su audiencia semanal"},"content":{"rendered":"\n<p>Este Jueves Santo lavar\u00e1 los pies a mujeres en una prisi\u00f3n.<\/p>\n\n\n\n<p><strong>El papa Francisco, que experiment\u00f3 problemas de salud recientemente, se vio mejor este mi\u00e9rcoles<\/strong>&nbsp;antes de una&nbsp;<strong>apretada agenda de Semana Santa.<\/strong><\/p>\n\n\n\n<p><strong>El Sumo Pont\u00edfice, de 87 a\u00f1os, ley\u00f3 \u00edntegramente los textos que hab\u00eda preparado en su audiencia semanal<\/strong>, con un aspecto m\u00e1s robusto.<\/p>\n\n\n\n<p>Francisco formul\u00f3 este mi\u00e9rcoles nuevos llamamientos a la paz en Ucrania y Oriente Medio.<\/p>\n\n\n\n<p>Entonces&nbsp;<strong>salud\u00f3 a dos hombres en la audiencia; uno israel\u00ed y&nbsp;otro palestino<\/strong>, inform\u00f3 la agencia de noticias Reuters.<\/p>\n\n\n\n<p>El Sumo Pont\u00edfice comunic\u00f3 all\u00ed que&nbsp;<strong>ambos hab\u00edan perdido a sus hijas en la actual guerra<\/strong>&nbsp;entre Israel y Ham\u00e1s.<\/p>\n\n\n\n<p>Los describi\u00f3 como dos amigos &#8220;que se aman y que han experimentado la misma crucifixi\u00f3n&#8221;.<\/p>\n\n\n\n<p><strong>Francisco lleva m\u00e1s de un mes padeciendo bronquitis y gripe de forma intermitente<\/strong>, lo que le llev\u00f3 a limitar sus intervenciones en p\u00fablico, cancelar algunas reuniones y acudir a un hospital de Roma para someterse a revisiones m\u00e9dicas.<\/p>\n\n\n\n<p><strong>La preocupaci\u00f3n por su estado se reaviv\u00f3 hace tres d\u00edas<\/strong>, cuando falt\u00f3 a la homil\u00eda del Domingo de Ramos en la plaza de San Pedro.<\/p>\n\n\n\n<p><strong>El papa tiene previsto presidir una serie de servicios previos al Domingo de Resurrecci\u00f3n, incluido un ritual de lavado de pies en una c\u00e1rcel de mujeres el jueves.<\/strong><\/p>\n","protected":false},"excerpt":{"rendered":"<p>Este Jueves Santo lavar\u00e1 los pies a mujeres en una prisi\u00f3n. El papa Francisco, que experiment\u00f3 problemas de salud recientemente, se vio mejor este mi\u00e9rcoles&nbsp;antes de una&nbsp;apretada agenda de Semana&hellip; <\/p>\n","protected":false},"author":4,"featured_media":136319,"comment_status":"closed","ping_status":"open","sticky":false,"template":"","format":"standard","meta":{"footnotes":""},"categories":[11],"tags":[],"class_list":["post-136318","post","type-post","status-publish","format-standard","has-post-thumbnail","hentry","category-internacionales"],"_links":{"self":[{"href":"https:\/\/corrientesdetarde.com\/index.php\/wp-json\/wp\/v2\/posts\/136318","targetHints":{"allow":["GET"]}}],"collection":[{"href":"https:\/\/corrientesdetarde.com\/index.php\/wp-json\/wp\/v2\/posts"}],"about":[{"href":"https:\/\/corrientesdetarde.com\/index.php\/wp-json\/wp\/v2\/types\/post"}],"author":[{"embeddable":true,"href":"https:\/\/corrientesdetarde.com\/index.php\/wp-json\/wp\/v2\/users\/4"}],"replies":[{"embeddable":true,"href":"https:\/\/corrientesdetarde.com\/index.php\/wp-json\/wp\/v2\/comments?post=136318"}],"version-history":[{"count":1,"href":"https:\/\/corrientesdetarde.com\/index.php\/wp-json\/wp\/v2\/posts\/136318\/revisions"}],"predecessor-version":[{"id":136320,"href":"https:\/\/corrientesdetarde.com\/index.php\/wp-json\/wp\/v2\/posts\/136318\/revisions\/136320"}],"wp:featuredmedia":[{"embeddable":true,"href":"https:\/\/corrientesdetarde.com\/index.php\/wp-json\/wp\/v2\/media\/136319"}],"wp:attachment":[{"href":"https:\/\/corrientesdetarde.com\/index.php\/wp-json\/wp\/v2\/media?parent=136318"}],"wp:term":[{"taxonomy":"category","embeddable":true,"href":"https:\/\/corrientesdetarde.com\/index.php\/wp-json\/wp\/v2\/categories?post=136318"},{"taxonomy":"post_tag","embeddable":true,"href":"https:\/\/corrientesdetarde.com\/index.php\/wp-json\/wp\/v2\/tags?post=136318"}],"curies":[{"name":"wp","href":"https:\/\/api.w.org\/{rel}","templated":true}]}}