{"id":136375,"date":"2024-03-28T08:24:55","date_gmt":"2024-03-28T11:24:55","guid":{"rendered":"https:\/\/corrientesdetarde.com\/?p=136375"},"modified":"2024-03-28T08:24:58","modified_gmt":"2024-03-28T11:24:58","slug":"bella-vista-una-mujer-perdio-la-vida-por-dengue","status":"publish","type":"post","link":"https:\/\/corrientesdetarde.com\/index.php\/locales\/bella-vista-una-mujer-perdio-la-vida-por-dengue\/","title":{"rendered":"BELLA VISTA: una mujer perdi\u00f3 la vida por dengue"},"content":{"rendered":"\n<p>La epidemia del dengue que transcurre en nuestro pa\u00eds contin\u00faa con una curva ascendente. Corrientes no est\u00e1 exenta de esto, ya que viene atravesando varios brotes en diferentes localidades del interior y Capital.<\/p>\n\n\n\n<p>Pese a no ser una de las ciudades mayormente afectadas por brotes de dengue, Bella Vista fue noticia en la jornada de ayer, cuando en horas de la madrugada se conoci\u00f3 el deceso de una mujer como consecuencia de la enfermedad epid\u00e9mica que azota.<\/p>\n\n\n\n<p>En lo que se refiere al deceso, se trat\u00f3 de una joven de 33 a\u00f1os que falleci\u00f3 ayer, en horas de la madrugada, tras haber contra\u00eddo la enfermedad del dengue. La mujer que sufri\u00f3 el fatal deceso se encontraba internada desde el viernes en el hospital &#8220;El Salvador&#8221; de Bella Vista.<\/p>\n\n\n\n<p>&#8220;La paciente hizo una complicaci\u00f3n aguda en horas de esta madrugada y hoy (por ayer) tenemos que estar lamentando su p\u00e9rdida&#8221;, inform\u00f3 a un medio bellavistense la directora del mencionado centro de salud, Roc\u00edo Bruzzo.<\/p>\n\n\n\n<p>La directora tambi\u00e9n indic\u00f3 que contin\u00faan aumentando los casos de dengue en esa localidad y que &#8220;hasta ayer hab\u00eda m\u00e1s de 160 personas infectadas&#8221; como consecuencia del brote que atraviesan.<\/p>\n\n\n\n<p>Seg\u00fan datos oficiales, este es el primer fallecimiento que se registra en dicho punto de la provincia a causa de la infecci\u00f3n que se trasmite a trav\u00e9s de la picadura del mosquito aedes aegypti.<\/p>\n\n\n\n<p>Cabe recordar que Argentina est\u00e1 enfrentando la peor epidemia de dengue desde el momento de la reemergencia de esa infecci\u00f3n en 1997 y ya 19 de las 24 jurisdicciones que conforman el pa\u00eds tienen circulaci\u00f3n aut\u00f3ctona del virus.<\/p>\n\n\n\n<p>Buenos Aires, C\u00f3rdoba, Santa Fe, Chaco y Formosa son las provincias con m\u00e1s casos notificados durante la temporada 2023\/2024.<\/p>\n\n\n\n<p>A su vez, en el l\u00edmite Sur del pa\u00eds se detect\u00f3 la enfermedad en el territorio de las localidades de Azul, Olavarr\u00eda y Bah\u00eda Blanca, donde este a\u00f1o por primera vez hay casos de dengue aut\u00f3ctono.<\/p>\n\n\n\n<p>Seg\u00fan expertos, desde la \u00faltima semana de julio del a\u00f1o pasado hasta la primera quincena de marzo, en Argentina se registr\u00f3 una incidencia acumulada de 321 casos cada cien mil habitantes. Adem\u00e1s, en el mismo per\u00edodo, 325 casos fueron clasificados como dengue grave.<\/p>\n\n\n\n<p>Hasta el momento se registraron 106 fallecidos, incluyendo los 27 que se sumaron durante la segunda semana de marzo, de acuerdo con el Bolet\u00edn Epidemiol\u00f3gico del Ministerio de Salud de la Naci\u00f3n.<\/p>\n\n\n\n<h2 class=\"wp-block-heading\">&nbsp;<\/h2>\n\n\n\n<h2 class=\"wp-block-heading\">Como con la vacuna del COVID-19, habr\u00e1 que registrarse para inocularse contra el dengue<\/h2>\n\n\n\n<figure class=\"wp-block-image is-resized\"><img decoding=\"async\" src=\"https:\/\/www.diarioepoca.com\/content\/bucket\/1\/1354731w380h230c.jpg.webp\" alt=\"\" style=\"width:833px;height:auto\"\/><\/figure>\n\n\n\n<p>El ministro de Salud de la Provincia de Corrientes, Ricardo Cardozo, en di\u00e1logo con los medios, afirm\u00f3 que la gente tendr\u00e1 que inscribirse en una p\u00e1gina web, como en los principios de la vacunaci\u00f3n contra el coronavirus, para acceder a las vacuna contra el dengue.<\/p>\n\n\n\n<p>El titular de la cartera sanitaria resalt\u00f3 que &#8220;se va a abrir una plataforma igual que cuando fue la inoculaci\u00f3n de COVID-19, y en ella, convenientemente de informada a la poblaci\u00f3n, se tendr\u00e1n que inscribir&#8221;.<\/p>\n\n\n\n<p>Al ser consultado sobre la llegada del primer lote de vacunas a la provincia que ser\u00edan de 30 mil, Cardozo resalt\u00f3 que &#8220;estamos seguros de que la semana que viene tendremos las dosis, hay un primer tramo de 30.000 y 170 mil inmediatamente despu\u00e9s, al mes siguiente&#8221;. Tambi\u00e9n dej\u00f3 en claro que &#8220;cabe la posibilidad, y eso va a depender fundamentalmente de la droguer\u00eda, que nos entreguen toda junta, as\u00ed que nosotros vamos a estar informando&#8221;.<\/p>\n\n\n\n<p>Al referirse a la situaci\u00f3n de las localidades de Virasoro y Santo tom\u00e9 que se encuentran con muchas complicaciones como consecuencia de importantes brotes, el Ministro resalt\u00f3 que &#8220;Virasoro se estabiliz\u00f3, gracias a Dios, sigue teniendo su brote pero est\u00e1 estabilizado, no est\u00e1 en aumento como en otros momentos&#8221;. Tambi\u00e9n mencion\u00f3 a otras ciudades que padecen este mal epid\u00e9mico, &#8220;estamos trabajando fuerte all\u00ed y en Santo Tom\u00e9, y tenemos la mirada puesta en otras dos localidades que est\u00e1n aumentando, las cuales son Curuz\u00fa y, sobre todo, Mercedes&#8221;.<\/p>\n\n\n\n<p>En lo que respecta a la cantidad de casos que la provincia de Corrientes contabiliz\u00f3 de manera oficial, Cardozo asever\u00f3 que &#8220;ya llegamos a los 6.000 contagiados en total, en esta temporada, y estamos en 400 casos activos&#8221;.<\/p>\n\n\n\n<p>Los positivos se siguen dando de manera exponencial en todo el pa\u00eds y al ser consultado sobre la posibilidad de que esas cifras sigan ascendiendo, remarc\u00f3 que &#8220;todo va a depender fundamentalmente del clima, b\u00e1sicamente, es una de las cosas que dec\u00edamos en el COFESA (Consejo Federal de Salud), ya que Corrientes es una provincia donde pr\u00e1cticamente se est\u00e1 tropicalizando el clima y es probable que sigamos teniendo casos de dengue, inclusive, en el invierno&#8221;.<\/p>\n\n\n\n<p>Para finalizar fue abordado sobre d\u00f3nde se encuentra parada la Provincia en el mapa argentino, y c\u00f3mo se posiciona con respecto al resto del pa\u00eds, Cardozo asever\u00f3 que &#8220;nosotros picamos en punta, como se dice vulgarmente, en cuanto a casos en el NEA y NOA desde el principio de la temporada. Hoy, la mayor cantidad de casos se ha trasladado al centro del pa\u00eds, como ser la provincia de Buenos Aires, Capital Federal, C\u00f3rdoba, que son lugares en los que est\u00e1 el foco de contagio&#8221;.<\/p>\n","protected":false},"excerpt":{"rendered":"<p>La epidemia del dengue que transcurre en nuestro pa\u00eds contin\u00faa con una curva ascendente. Corrientes no est\u00e1 exenta de esto, ya que viene atravesando varios brotes en diferentes localidades del&hellip; <\/p>\n","protected":false},"author":1,"featured_media":123690,"comment_status":"closed","ping_status":"open","sticky":false,"template":"","format":"standard","meta":{"footnotes":""},"categories":[16,8,17],"tags":[],"class_list":["post-136375","post","type-post","status-publish","format-standard","has-post-thumbnail","hentry","category-bienestar-y-salud","category-locales","category-sociales"],"_links":{"self":[{"href":"https:\/\/corrientesdetarde.com\/index.php\/wp-json\/wp\/v2\/posts\/136375","targetHints":{"allow":["GET"]}}],"collection":[{"href":"https:\/\/corrientesdetarde.com\/index.php\/wp-json\/wp\/v2\/posts"}],"about":[{"href":"https:\/\/corrientesdetarde.com\/index.php\/wp-json\/wp\/v2\/types\/post"}],"author":[{"embeddable":true,"href":"https:\/\/corrientesdetarde.com\/index.php\/wp-json\/wp\/v2\/users\/1"}],"replies":[{"embeddable":true,"href":"https:\/\/corrientesdetarde.com\/index.php\/wp-json\/wp\/v2\/comments?post=136375"}],"version-history":[{"count":1,"href":"https:\/\/corrientesdetarde.com\/index.php\/wp-json\/wp\/v2\/posts\/136375\/revisions"}],"predecessor-version":[{"id":136380,"href":"https:\/\/corrientesdetarde.com\/index.php\/wp-json\/wp\/v2\/posts\/136375\/revisions\/136380"}],"wp:featuredmedia":[{"embeddable":true,"href":"https:\/\/corrientesdetarde.com\/index.php\/wp-json\/wp\/v2\/media\/123690"}],"wp:attachment":[{"href":"https:\/\/corrientesdetarde.com\/index.php\/wp-json\/wp\/v2\/media?parent=136375"}],"wp:term":[{"taxonomy":"category","embeddable":true,"href":"https:\/\/corrientesdetarde.com\/index.php\/wp-json\/wp\/v2\/categories?post=136375"},{"taxonomy":"post_tag","embeddable":true,"href":"https:\/\/corrientesdetarde.com\/index.php\/wp-json\/wp\/v2\/tags?post=136375"}],"curies":[{"name":"wp","href":"https:\/\/api.w.org\/{rel}","templated":true}]}}