{"id":136384,"date":"2024-03-28T08:37:30","date_gmt":"2024-03-28T11:37:30","guid":{"rendered":"https:\/\/corrientesdetarde.com\/?p=136384"},"modified":"2024-03-28T08:37:42","modified_gmt":"2024-03-28T11:37:42","slug":"segun-el-indec-159-786-correntinos-son-pobres","status":"publish","type":"post","link":"https:\/\/corrientesdetarde.com\/index.php\/sociales\/segun-el-indec-159-786-correntinos-son-pobres\/","title":{"rendered":"Seg\u00fan el Indec, 159.786 correntinos son pobres"},"content":{"rendered":"\n<p>El Instituto de Estad\u00edsticas y Censo (Indec) inform\u00f3 que&nbsp;el&nbsp;41% de las personas son pobres en Corrientes Capital. Hubo&nbsp;una suba de indicadores respecto al primer semestre de 2023 pero una baja en relaci\u00f3n al segundo semestre de 2022.<\/p>\n\n\n\n<p>En la regi\u00f3n NEA, en el Gran Resistencia la pobreza alcanza al 65,2% de las personas, mientras que la indigencia al 24,4%. En Posadas, Misiones, la pobreza es 38,4% y la indigencia es el 9,6%. En Formosa, la pobreza alcanza al 46,9% y la indigencia al 14,9%.&nbsp;&nbsp;<\/p>\n\n\n\n<p>A nivel pa\u00eds, el porcentaje de hogares por debajo de la l\u00ednea de pobreza (LP) alcanz\u00f3 el 31,8%; en ellos reside el 41,7% de las personas. Dentro de este conjunto se distingue un 8,7% de hogares por debajo de la l\u00ednea de indigencia (LI), que incluyen al 11,9% de las personas.<\/p>\n\n\n\n<p>Con respecto al primer semestre de 2023, la incidencia de la pobreza registr\u00f3 un aumento tanto en los hogares como en las personas, de 2,2 y 1,6 puntos porcentuales (p.p.), respectivamente. En el caso de la indigencia, mostr\u00f3 un aumento de 1,9 p.p. en los hogares y de 2,6 p.p. en las personas.<\/p>\n\n\n\n<p>En el caso del aglomerado de la ciudad de Corrientes, la pobreza afecta&nbsp;al 41% de las personas.&nbsp;En tanto, la indigencia alcanza al 8,6% de las personas. Es decir&nbsp;afecta a 159.786 correntinos y a 33.145 personas.<\/p>\n\n\n\n<p>Respecto a las anteriores mediciones, se observa un incremento de la pobreza respecto al primer semestre de 2023 y un descenso en relaci\u00f3n al segundo semestre de 2022. Mientras que las tasas de indigencia del segundo semestre de 2023 bajaron respecto a los semestres anteriores.&nbsp;Para el caso de la indigencia, INDEC aclara un Coeficiente de variaci\u00f3n mayor al 16%.<\/p>\n","protected":false},"excerpt":{"rendered":"<p>El Instituto de Estad\u00edsticas y Censo (Indec) inform\u00f3 que&nbsp;el&nbsp;41% de las personas son pobres en Corrientes Capital. Hubo&nbsp;una suba de indicadores respecto al primer semestre de 2023 pero una baja&hellip; <\/p>\n","protected":false},"author":1,"featured_media":98918,"comment_status":"closed","ping_status":"open","sticky":false,"template":"","format":"standard","meta":{"footnotes":""},"categories":[20,17],"tags":[],"class_list":["post-136384","post","type-post","status-publish","format-standard","has-post-thumbnail","hentry","category-economia","category-sociales"],"_links":{"self":[{"href":"https:\/\/corrientesdetarde.com\/index.php\/wp-json\/wp\/v2\/posts\/136384","targetHints":{"allow":["GET"]}}],"collection":[{"href":"https:\/\/corrientesdetarde.com\/index.php\/wp-json\/wp\/v2\/posts"}],"about":[{"href":"https:\/\/corrientesdetarde.com\/index.php\/wp-json\/wp\/v2\/types\/post"}],"author":[{"embeddable":true,"href":"https:\/\/corrientesdetarde.com\/index.php\/wp-json\/wp\/v2\/users\/1"}],"replies":[{"embeddable":true,"href":"https:\/\/corrientesdetarde.com\/index.php\/wp-json\/wp\/v2\/comments?post=136384"}],"version-history":[{"count":1,"href":"https:\/\/corrientesdetarde.com\/index.php\/wp-json\/wp\/v2\/posts\/136384\/revisions"}],"predecessor-version":[{"id":136397,"href":"https:\/\/corrientesdetarde.com\/index.php\/wp-json\/wp\/v2\/posts\/136384\/revisions\/136397"}],"wp:featuredmedia":[{"embeddable":true,"href":"https:\/\/corrientesdetarde.com\/index.php\/wp-json\/wp\/v2\/media\/98918"}],"wp:attachment":[{"href":"https:\/\/corrientesdetarde.com\/index.php\/wp-json\/wp\/v2\/media?parent=136384"}],"wp:term":[{"taxonomy":"category","embeddable":true,"href":"https:\/\/corrientesdetarde.com\/index.php\/wp-json\/wp\/v2\/categories?post=136384"},{"taxonomy":"post_tag","embeddable":true,"href":"https:\/\/corrientesdetarde.com\/index.php\/wp-json\/wp\/v2\/tags?post=136384"}],"curies":[{"name":"wp","href":"https:\/\/api.w.org\/{rel}","templated":true}]}}