{"id":136385,"date":"2024-03-28T08:35:42","date_gmt":"2024-03-28T11:35:42","guid":{"rendered":"https:\/\/corrientesdetarde.com\/?p=136385"},"modified":"2024-03-28T08:35:43","modified_gmt":"2024-03-28T11:35:43","slug":"buscan-a-una-mujer-y-a-su-bebe-que-estan-desaparecidos-hace-10-dias","status":"publish","type":"post","link":"https:\/\/corrientesdetarde.com\/index.php\/policiales\/buscan-a-una-mujer-y-a-su-bebe-que-estan-desaparecidos-hace-10-dias\/","title":{"rendered":"buscan a una mujer y a su beb\u00e9 que est\u00e1n desaparecidos hace 10 d\u00edas"},"content":{"rendered":"\n<p>Buscan a Mariana Beatriz Fern\u00e1ndez, de 23 a\u00f1os y a su beb\u00e9, Ram\u00f3n Gustavo Vera, de un a\u00f1o y un mes. Su mam\u00e1 denunci\u00f3 en la Fiscal\u00eda de Santa Rosa que la mujer comunic\u00f3 sus intenciones de irse de su alquiler con destino a la casa de su t\u00eda en la capital correntina pero no se tienen noticias de su paradero hace 10 d\u00edas.<\/p>\n\n\n\n<p>Mariana mide 1.60 metros aproximadamente, delgada, tez trigue\u00f1a, cabello largo de color negro, ojos marrones, no tiene tatuajes. Solicitan colaboraci\u00f3n a la sociedad para encontrarla. Al momento de su desaparici\u00f3n se encontraba con su beb\u00e9 que tiene un a\u00f1o y un mes.<\/p>\n\n\n\n<p>Catalina, la mam\u00e1 de Mariana, manifest\u00f3 cuando radic\u00f3 la denuncia que su hija alquilaba en Santa Rosa y que d\u00edas atr\u00e1s manifest\u00f3 que iba a irse del alquiler junto a su peque\u00f1o hijo con destino a la capital correntina. Algunas versiones brindadas a parientes indicaron que se ir\u00eda a la casa de una t\u00eda, pero la mujer no apareci\u00f3. La joven no recibe llamadas y hace 10 d\u00edas fue la \u00faltima vez que se comunic\u00f3 con sus familiares. \u00a0\u00a0<\/p>\n\n\n\n<figure class=\"wp-block-image size-full\"><img loading=\"lazy\" decoding=\"async\" width=\"770\" height=\"754\" src=\"https:\/\/corrientesdetarde.com\/wp-content\/uploads\/2024\/03\/image-768.png\" alt=\"\" class=\"wp-image-136393\" srcset=\"https:\/\/corrientesdetarde.com\/wp-content\/uploads\/2024\/03\/image-768.png 770w, https:\/\/corrientesdetarde.com\/wp-content\/uploads\/2024\/03\/image-768-300x294.png 300w, https:\/\/corrientesdetarde.com\/wp-content\/uploads\/2024\/03\/image-768-768x752.png 768w\" sizes=\"auto, (max-width: 770px) 100vw, 770px\" \/><\/figure>\n","protected":false},"excerpt":{"rendered":"<p>Buscan a Mariana Beatriz Fern\u00e1ndez, de 23 a\u00f1os y a su beb\u00e9, Ram\u00f3n Gustavo Vera, de un a\u00f1o y un mes. Su mam\u00e1 denunci\u00f3 en la Fiscal\u00eda de Santa Rosa&hellip; <\/p>\n","protected":false},"author":1,"featured_media":136393,"comment_status":"closed","ping_status":"open","sticky":false,"template":"","format":"standard","meta":{"footnotes":""},"categories":[33],"tags":[],"class_list":["post-136385","post","type-post","status-publish","format-standard","has-post-thumbnail","hentry","category-policiales"],"_links":{"self":[{"href":"https:\/\/corrientesdetarde.com\/index.php\/wp-json\/wp\/v2\/posts\/136385","targetHints":{"allow":["GET"]}}],"collection":[{"href":"https:\/\/corrientesdetarde.com\/index.php\/wp-json\/wp\/v2\/posts"}],"about":[{"href":"https:\/\/corrientesdetarde.com\/index.php\/wp-json\/wp\/v2\/types\/post"}],"author":[{"embeddable":true,"href":"https:\/\/corrientesdetarde.com\/index.php\/wp-json\/wp\/v2\/users\/1"}],"replies":[{"embeddable":true,"href":"https:\/\/corrientesdetarde.com\/index.php\/wp-json\/wp\/v2\/comments?post=136385"}],"version-history":[{"count":1,"href":"https:\/\/corrientesdetarde.com\/index.php\/wp-json\/wp\/v2\/posts\/136385\/revisions"}],"predecessor-version":[{"id":136394,"href":"https:\/\/corrientesdetarde.com\/index.php\/wp-json\/wp\/v2\/posts\/136385\/revisions\/136394"}],"wp:featuredmedia":[{"embeddable":true,"href":"https:\/\/corrientesdetarde.com\/index.php\/wp-json\/wp\/v2\/media\/136393"}],"wp:attachment":[{"href":"https:\/\/corrientesdetarde.com\/index.php\/wp-json\/wp\/v2\/media?parent=136385"}],"wp:term":[{"taxonomy":"category","embeddable":true,"href":"https:\/\/corrientesdetarde.com\/index.php\/wp-json\/wp\/v2\/categories?post=136385"},{"taxonomy":"post_tag","embeddable":true,"href":"https:\/\/corrientesdetarde.com\/index.php\/wp-json\/wp\/v2\/tags?post=136385"}],"curies":[{"name":"wp","href":"https:\/\/api.w.org\/{rel}","templated":true}]}}