{"id":136395,"date":"2024-03-28T08:56:22","date_gmt":"2024-03-28T11:56:22","guid":{"rendered":"https:\/\/corrientesdetarde.com\/?p=136395"},"modified":"2024-03-28T08:56:26","modified_gmt":"2024-03-28T11:56:26","slug":"el-ministro-de-salud-porteno-dio-un-consejo-clave-sobre-el-uso-de-repelente","status":"publish","type":"post","link":"https:\/\/corrientesdetarde.com\/index.php\/bienestar-y-salud\/el-ministro-de-salud-porteno-dio-un-consejo-clave-sobre-el-uso-de-repelente\/","title":{"rendered":"El ministro de Salud porte\u00f1o dio un consejo clave sobre el uso de repelente"},"content":{"rendered":"\n<p>&nbsp;Con m\u00e1s de 200.000 casos y 79 personas fallecidas por dengue en la Argentina, el ministro de Salud de la Ciudad de Buenos Aires, Fern\u00e1n Quir\u00f3s, dio algunas recomendaciones de c\u00f3mo prevenir la picadura del mosquito Aedes aegypti.<\/p>\n\n\n\n<p>&nbsp;En lo que respeta a las personas m\u00e1s propensas al contagio del dengue, el ministro dijo que \u201cla mayor cantidad de contagios de dengue se da en el rango etario de entre 10 y 30 a\u00f1os\u201d. \u201cProbablemente, tenga mucho que ver con la vida social. Cuando hac\u00e9s la tasa por grupo etario, encontr\u00e1s que en el norte del pa\u00eds entre 20 y 40 a\u00f1os son los m\u00e1s contagiados\u201d, puntualiz\u00f3.<\/p>\n\n\n\n<p>Por otra parte, mencion\u00f3 que el mosquito no suele estar en el aire o en lugares abiertos y que se lo llama \u2018mosquito mascota\u2019 porque est\u00e1 en lugares muy protegidos, como en el trabajo o en la casa. \u201cSuele estar por debajo del mueble de la mesa. Es cuando est\u00e1s cenando y te pica el tobillo\u201d, coment\u00f3 y, al respecto, recomend\u00f3 focalizar el uso de repelente en los tobillos y \u201cponerse en las zonas que no pod\u00e9s ver\u201d. \u201cTengo mucha gente que sale a correr y se pone repelente. Ah\u00ed no te va a picar el mosquito que transmite la enfermedad, te va a picar otro tipo\u201d, indic\u00f3.<\/p>\n\n\n\n<p>Y complet\u00f3: \u201cEs un mosquito que no pica de noche, en la oscuridad. Es un mosquito que pica habitualmente a la ma\u00f1ana, entre el amanecer, media ma\u00f1ana o el atardecer. El horario tremendo es entre las cinco y las 21:00, es el horario donde \u00e9l tiene la costumbre de volar y picar\u201d.<\/p>\n","protected":false},"excerpt":{"rendered":"<p>&nbsp;Con m\u00e1s de 200.000 casos y 79 personas fallecidas por dengue en la Argentina, el ministro de Salud de la Ciudad de Buenos Aires, Fern\u00e1n Quir\u00f3s, dio algunas recomendaciones de&hellip; <\/p>\n","protected":false},"author":1,"featured_media":134681,"comment_status":"closed","ping_status":"open","sticky":false,"template":"","format":"standard","meta":{"footnotes":""},"categories":[16],"tags":[],"class_list":["post-136395","post","type-post","status-publish","format-standard","has-post-thumbnail","hentry","category-bienestar-y-salud"],"_links":{"self":[{"href":"https:\/\/corrientesdetarde.com\/index.php\/wp-json\/wp\/v2\/posts\/136395","targetHints":{"allow":["GET"]}}],"collection":[{"href":"https:\/\/corrientesdetarde.com\/index.php\/wp-json\/wp\/v2\/posts"}],"about":[{"href":"https:\/\/corrientesdetarde.com\/index.php\/wp-json\/wp\/v2\/types\/post"}],"author":[{"embeddable":true,"href":"https:\/\/corrientesdetarde.com\/index.php\/wp-json\/wp\/v2\/users\/1"}],"replies":[{"embeddable":true,"href":"https:\/\/corrientesdetarde.com\/index.php\/wp-json\/wp\/v2\/comments?post=136395"}],"version-history":[{"count":1,"href":"https:\/\/corrientesdetarde.com\/index.php\/wp-json\/wp\/v2\/posts\/136395\/revisions"}],"predecessor-version":[{"id":136405,"href":"https:\/\/corrientesdetarde.com\/index.php\/wp-json\/wp\/v2\/posts\/136395\/revisions\/136405"}],"wp:featuredmedia":[{"embeddable":true,"href":"https:\/\/corrientesdetarde.com\/index.php\/wp-json\/wp\/v2\/media\/134681"}],"wp:attachment":[{"href":"https:\/\/corrientesdetarde.com\/index.php\/wp-json\/wp\/v2\/media?parent=136395"}],"wp:term":[{"taxonomy":"category","embeddable":true,"href":"https:\/\/corrientesdetarde.com\/index.php\/wp-json\/wp\/v2\/categories?post=136395"},{"taxonomy":"post_tag","embeddable":true,"href":"https:\/\/corrientesdetarde.com\/index.php\/wp-json\/wp\/v2\/tags?post=136395"}],"curies":[{"name":"wp","href":"https:\/\/api.w.org\/{rel}","templated":true}]}}