{"id":136396,"date":"2024-03-28T08:54:08","date_gmt":"2024-03-28T11:54:08","guid":{"rendered":"https:\/\/corrientesdetarde.com\/?p=136396"},"modified":"2024-03-28T08:54:19","modified_gmt":"2024-03-28T11:54:19","slug":"cacho-garay-en-la-carcel-aseguran-que-su-salud-desmejoro-mucho","status":"publish","type":"post","link":"https:\/\/corrientesdetarde.com\/index.php\/crimen-y-justicia\/cacho-garay-en-la-carcel-aseguran-que-su-salud-desmejoro-mucho\/","title":{"rendered":"Cacho Garay en la c\u00e1rcel: aseguran que su salud desmejor\u00f3 mucho"},"content":{"rendered":"\n<p>En julio del a\u00f1o pasado Cacho Garay fue trasladado a una c\u00e1rcel com\u00fan tras la decisi\u00f3n del juez Federico Mart\u00ednez de revocarle la prisi\u00f3n domiciliaria. El humorista est\u00e1 acusado por el delito de amenazas agravadas, tenencia ilegal de arma de fuego de uso civil, abuso sexual con acceso carnal, privaci\u00f3n de la libertad agravada y desobediencia a una orden judicial.<\/p>\n\n\n\n<p>Durante las \u00faltimas semanas, trascendi\u00f3 que el artista se encontraba atravesando una dram\u00e1tica situaci\u00f3n de salud, raz\u00f3n por la que hab\u00eda adelgazado m\u00e1s de 20 kilos. Ahora, en DDM (Am\u00e9rica) mostraron una fotograf\u00eda de Garay en su celda en la c\u00e1rcel de San Felipe y su apariencia llam\u00f3 la atenci\u00f3n de todos en el piso.<\/p>\n\n\n\n<p>Seg\u00fan detall\u00f3 Mart\u00edn Candalaft, Garay est\u00e1 detenido en el pabell\u00f3n 1A que tiene capacidad para 80 personas y en su interior hay 160 reclusos: &#8220;Evidentemente es cierto que baj\u00f3 de peso, porque se lo ve m\u00e1s delgado, pero tambi\u00e9n se ven las condiciones en las que vive \u00e9l y sus compa\u00f1eros de celda&#8221;. En la celda hay tres camas y seis personas. Se turnan para dormir en el piso&#8221;.<\/p>\n\n\n\n<p>En cuanto a la salud de Garay, Mariano Yezze sum\u00f3: &#8220;El viernes, su abogado present\u00f3 un recurso ante la Corte Suprema de Mendoza para volver a la domiciliaria alegando que Cacho tiene c\u00e1ncer de pr\u00f3stata, diabetes, problemas cardiol\u00f3gicos, neurol\u00f3gicos, motrices, y que perdi\u00f3 un 80% de la visi\u00f3n. \u00c9l quiere que sea evaluado por un onc\u00f3logo, un ur\u00f3logo, cardi\u00f3logo, neur\u00f3logo y un traumat\u00f3logo&#8221;.<\/p>\n\n\n\n<p>&#8220;Cacho hace charlas motivacionales con los j\u00f3venes porque nota que en ese pabell\u00f3n, uno de los m\u00e1s picantes de la c\u00e1rcel, hay muchos suicidios. Y \u00e9l trata de mostrarles su historia de vida&#8221;, revel\u00f3 sobre la actualidad del c\u00f3mico.<\/p>\n\n\n\n<h3 class=\"wp-block-heading\">Qu\u00e9 hab\u00eda denunciado la exmujer de Cacho Garay<\/h3>\n\n\n\n<p><br>En junio del a\u00f1o pasado, Ver\u00f3nica se sent\u00f3 en el estudio de Intrusos (Am\u00e9rica) y sorprendi\u00f3 al relatar su calvario con Cacho Garay. Si bien en abril hab\u00eda hablado de abusos sexuales, privaci\u00f3n de la libertad y amenazas de muerte, en esta oportunidad fue por m\u00e1s. &#8220;\u00c9l abus\u00f3 sexualmente de m\u00ed muy salvajemente, me film\u00f3 y comenc\u00e9 a vivir un infierno durante 13 a\u00f1os&#8221;, expres\u00f3 entre l\u00e1grimas.<\/p>\n\n\n\n<p>Consultada acerca de si pudo volver a la normalidad, neg\u00f3 rotundamente: &#8220;Vine hasta ac\u00e1 como pude, hice much\u00edsimo esfuerzo. Perd\u00f3n, es que me cuesta much\u00edsimo&#8221;.<\/p>\n\n\n\n<p>La mujer aprovech\u00f3 su paso por el ciclo conducido por Flor de la Ve para contar su historia. &#8220;Yo contaba que \u00e9l me enga\u00f1\u00f3 diciendo que yo iba a ir a cantar a Salta, pero cuando llegu\u00e9 al hotel cont\u00e9 que todos ten\u00edan llave menos yo, y tuve que aguantar mucho tiempo&#8221;, comenz\u00f3 diciendo.<\/p>\n\n\n\n<p>Y asegur\u00f3: &#8220;\u00c9l abus\u00f3 sexualmente de m\u00ed muy salvajemente, me film\u00f3 y comenc\u00e9 a vivir un infierno durante 13 a\u00f1os. (&#8230;) Fue un horror. Eso pas\u00f3 en el 2010 cuando ten\u00eda 20 a\u00f1os. Lo puedo contar ahora porque est\u00e1 en el expediente&#8221;.<\/p>\n\n\n\n<p>Ver\u00f3nica retom\u00f3 su relato y asegur\u00f3: &#8220;Desde ese d\u00eda, yo qued\u00e9 como una esclava para \u00e9l&#8221;. &#8220;Ese verano del 2011 me dejaba encerrada en un departamento, segu\u00eda abusando de m\u00ed e invit\u00e1ndome a fiestas. Hasta que el 20 de octubre del 2011 me dijo \u2018quiero que te traigas una valija con ropa\u2019 y desde ese d\u00eda tuve que convivir con \u00e9l. No me pude ir m\u00e1s&#8221;.<\/p>\n","protected":false},"excerpt":{"rendered":"<p>En julio del a\u00f1o pasado Cacho Garay fue trasladado a una c\u00e1rcel com\u00fan tras la decisi\u00f3n del juez Federico Mart\u00ednez de revocarle la prisi\u00f3n domiciliaria. El humorista est\u00e1 acusado por&hellip; <\/p>\n","protected":false},"author":1,"featured_media":136403,"comment_status":"closed","ping_status":"open","sticky":false,"template":"","format":"standard","meta":{"footnotes":""},"categories":[5],"tags":[],"class_list":["post-136396","post","type-post","status-publish","format-standard","has-post-thumbnail","hentry","category-crimen-y-justicia"],"_links":{"self":[{"href":"https:\/\/corrientesdetarde.com\/index.php\/wp-json\/wp\/v2\/posts\/136396","targetHints":{"allow":["GET"]}}],"collection":[{"href":"https:\/\/corrientesdetarde.com\/index.php\/wp-json\/wp\/v2\/posts"}],"about":[{"href":"https:\/\/corrientesdetarde.com\/index.php\/wp-json\/wp\/v2\/types\/post"}],"author":[{"embeddable":true,"href":"https:\/\/corrientesdetarde.com\/index.php\/wp-json\/wp\/v2\/users\/1"}],"replies":[{"embeddable":true,"href":"https:\/\/corrientesdetarde.com\/index.php\/wp-json\/wp\/v2\/comments?post=136396"}],"version-history":[{"count":1,"href":"https:\/\/corrientesdetarde.com\/index.php\/wp-json\/wp\/v2\/posts\/136396\/revisions"}],"predecessor-version":[{"id":136404,"href":"https:\/\/corrientesdetarde.com\/index.php\/wp-json\/wp\/v2\/posts\/136396\/revisions\/136404"}],"wp:featuredmedia":[{"embeddable":true,"href":"https:\/\/corrientesdetarde.com\/index.php\/wp-json\/wp\/v2\/media\/136403"}],"wp:attachment":[{"href":"https:\/\/corrientesdetarde.com\/index.php\/wp-json\/wp\/v2\/media?parent=136396"}],"wp:term":[{"taxonomy":"category","embeddable":true,"href":"https:\/\/corrientesdetarde.com\/index.php\/wp-json\/wp\/v2\/categories?post=136396"},{"taxonomy":"post_tag","embeddable":true,"href":"https:\/\/corrientesdetarde.com\/index.php\/wp-json\/wp\/v2\/tags?post=136396"}],"curies":[{"name":"wp","href":"https:\/\/api.w.org\/{rel}","templated":true}]}}