{"id":136398,"date":"2024-03-28T08:45:23","date_gmt":"2024-03-28T11:45:23","guid":{"rendered":"https:\/\/corrientesdetarde.com\/?p=136398"},"modified":"2024-03-28T08:45:26","modified_gmt":"2024-03-28T11:45:26","slug":"la-ola-de-despidos-amenaza-con-romper-a-la-cgt","status":"publish","type":"post","link":"https:\/\/corrientesdetarde.com\/index.php\/politica\/la-ola-de-despidos-amenaza-con-romper-a-la-cgt\/","title":{"rendered":"LA OLA DE DESPIDOS AMENAZA CON ROMPER A LA CGT"},"content":{"rendered":"\n<p>(Pablo Roma, Gremiales) &#8211; Pablo Moyano anunci\u00f3 p\u00fablicamente su intenci\u00f3n de ir al Paro General y una Marcha Federal para los pr\u00f3ximos d\u00edas y Barrionuevo tild\u00f3 a los l\u00edderes de los gremios dialoguistas de &#8220;cobardes&#8221;.  El gastron\u00f3mico exigi\u00f3 que la c\u00fapula cegetista llame en forma urgente a un plenario de secretarios generales para disponer medidas, su postura fue avalada por Carlos Acu\u00f1a, uno de los cotitulares de la central obrera. Le\u00eddo as\u00ed la interna sindical destila fuego entre poderosos gremialistas.<\/p>\n\n\n\n<p>Luis Barrionuevo, durante una reuni\u00f3n de cumplea\u00f1os celebrada para Carlos Acu\u00f1a, urg\u00eda a la c\u00fapula de la CGT a convocar un plenario de secretarios generales para tomar medidas decisivas. Barrionuevo, respaldado por Carlos Acu\u00f1a, se\u00f1al\u00f3 la necesidad de acciones concretas y sugiri\u00f3 la renuncia de H\u00e9ctor Daer como una opci\u00f3n. El llamado a la acci\u00f3n no se detuvo ah\u00ed, ya que se cuestion\u00f3 la inacci\u00f3n de la CGT y se destac\u00f3 la falta de solidaridad con las luchas sectoriales. Omar Maturano, de La Fraternidad, enfatiz\u00f3 la necesidad de una CGT m\u00e1s activa y comprometida con las necesidades de los trabajadores. La reuni\u00f3n, originalmente destinada a celebrar un cumplea\u00f1os, se convirti\u00f3 en un escenario pol\u00edtico donde se criticaron diversos actores, incluida la propia c\u00fapula de la CGT, por su falta de acci\u00f3n ante la creciente tensi\u00f3n sindical.<\/p>\n","protected":false},"excerpt":{"rendered":"<p>(Pablo Roma, Gremiales) &#8211; Pablo Moyano anunci\u00f3 p\u00fablicamente su intenci\u00f3n de ir al Paro General y una Marcha Federal para los pr\u00f3ximos d\u00edas y Barrionuevo tild\u00f3 a los l\u00edderes de&hellip; <\/p>\n","protected":false},"author":11,"featured_media":136399,"comment_status":"closed","ping_status":"open","sticky":false,"template":"","format":"standard","meta":{"footnotes":""},"categories":[26,3],"tags":[1078,284,283],"class_list":["post-136398","post","type-post","status-publish","format-standard","has-post-thumbnail","hentry","category-destacados","category-politica","tag-barrionuevo","tag-cgt","tag-moyano"],"_links":{"self":[{"href":"https:\/\/corrientesdetarde.com\/index.php\/wp-json\/wp\/v2\/posts\/136398","targetHints":{"allow":["GET"]}}],"collection":[{"href":"https:\/\/corrientesdetarde.com\/index.php\/wp-json\/wp\/v2\/posts"}],"about":[{"href":"https:\/\/corrientesdetarde.com\/index.php\/wp-json\/wp\/v2\/types\/post"}],"author":[{"embeddable":true,"href":"https:\/\/corrientesdetarde.com\/index.php\/wp-json\/wp\/v2\/users\/11"}],"replies":[{"embeddable":true,"href":"https:\/\/corrientesdetarde.com\/index.php\/wp-json\/wp\/v2\/comments?post=136398"}],"version-history":[{"count":2,"href":"https:\/\/corrientesdetarde.com\/index.php\/wp-json\/wp\/v2\/posts\/136398\/revisions"}],"predecessor-version":[{"id":136401,"href":"https:\/\/corrientesdetarde.com\/index.php\/wp-json\/wp\/v2\/posts\/136398\/revisions\/136401"}],"wp:featuredmedia":[{"embeddable":true,"href":"https:\/\/corrientesdetarde.com\/index.php\/wp-json\/wp\/v2\/media\/136399"}],"wp:attachment":[{"href":"https:\/\/corrientesdetarde.com\/index.php\/wp-json\/wp\/v2\/media?parent=136398"}],"wp:term":[{"taxonomy":"category","embeddable":true,"href":"https:\/\/corrientesdetarde.com\/index.php\/wp-json\/wp\/v2\/categories?post=136398"},{"taxonomy":"post_tag","embeddable":true,"href":"https:\/\/corrientesdetarde.com\/index.php\/wp-json\/wp\/v2\/tags?post=136398"}],"curies":[{"name":"wp","href":"https:\/\/api.w.org\/{rel}","templated":true}]}}