{"id":136402,"date":"2024-03-28T08:57:34","date_gmt":"2024-03-28T11:57:34","guid":{"rendered":"https:\/\/corrientesdetarde.com\/?p=136402"},"modified":"2024-03-28T08:57:37","modified_gmt":"2024-03-28T11:57:37","slug":"el-problema-de-salud-que-golpea-a-dario-barassi","status":"publish","type":"post","link":"https:\/\/corrientesdetarde.com\/index.php\/espectaculos\/el-problema-de-salud-que-golpea-a-dario-barassi\/","title":{"rendered":"El problema de salud que golpea a Dar\u00edo Barassi"},"content":{"rendered":"\n<p>La preocupaci\u00f3n fluye por su alma, por sus pensamientos m\u00e1s profundos. Una serie de adversidades en su organismo lo obligan a frenar la pelota, a detener su ritmo vertiginoso y entregarse a las manos de los especialistas en un quir\u00f3fano y por partida doble.<\/p>\n\n\n\n<p>Dar\u00edo Barassi transita por un presente complejo, ya que se someter\u00e1 a dos intervenciones quir\u00fargicas, con todo lo que eso implica. En apariencia, ambas cirug\u00edas no acarrean riesgos notorios, pero igualmente enfrentar\u00e1n al conductor con la necesidad de alejarse de la televisi\u00f3n.&nbsp;<\/p>\n\n\n\n<p>Y como si fuese poco, las vicisitudes de ambos procedimientos m\u00e9dicos provocar\u00e1n una secuela muy pesada para Dar\u00edo, sobre todo para \u00e9l: no podr\u00e1 hablar durante todo un mes. Todo un acontecimiento. El propio Barassi explic\u00f3 todo en su cuenta oficial de Instagram.<\/p>\n\n\n\n<p>Con una storie muy personal, cargada con su toque habitual de iron\u00eda y humor, el conductor de eltrece narr\u00f3: &#8220;Me tengo que operar lamentablemente\u2026&#8221;. Empero, se apur\u00f3 en aclarar que se encuadran en posibilidades de extrema peligro: &#8220;No es grave ninguna de las dos cosas; todo tranca&#8221;.&nbsp;<\/p>\n\n\n\n<p>DAR\u00cdO BARASSI CONT\u00d3 QUE SE TIENE QUE HACER DOS OPERACIONES<br>As\u00ed, el animador de Ahora caigo, el ciclo de eltrece, se encarg\u00f3 de enfatizar una de las peores ramificaciones de su caso y se admiti\u00f3 con total sinceridad: &#8220;Pero la operaci\u00f3n del p\u00f3lipo me obliga a estar en silencio absoluto&#8230; en silencio absoluto aproximadamente un mes&#8221;.<\/p>\n\n\n\n<p>\u00a0<br>En cuanto a las secuelas, Dar\u00edo especific\u00f3: &#8220;Dos d\u00edas para cirug\u00eda p\u00f3lipo cuerda vocal y hernia, 25 d\u00edas de silencio total, siete de poco esfuerzo abdominal. M\u00e1tenme&#8221;. A pesar del miedo l\u00f3gico de este tipo de situaci\u00f3n, Barassi solt\u00f3 una pizca de gracia al exteriorizar: &#8220;\u00bfC\u00f3mo carajo hago para no hablar tantos d\u00edas?&#8221;.<\/p>\n\n\n\n<figure class=\"wp-block-image size-full\"><img loading=\"lazy\" decoding=\"async\" width=\"770\" height=\"486\" src=\"https:\/\/corrientesdetarde.com\/wp-content\/uploads\/2024\/03\/image-769.png\" alt=\"\" class=\"wp-image-136406\" srcset=\"https:\/\/corrientesdetarde.com\/wp-content\/uploads\/2024\/03\/image-769.png 770w, https:\/\/corrientesdetarde.com\/wp-content\/uploads\/2024\/03\/image-769-300x189.png 300w, https:\/\/corrientesdetarde.com\/wp-content\/uploads\/2024\/03\/image-769-768x485.png 768w\" sizes=\"auto, (max-width: 770px) 100vw, 770px\" \/><\/figure>\n","protected":false},"excerpt":{"rendered":"<p>La preocupaci\u00f3n fluye por su alma, por sus pensamientos m\u00e1s profundos. Una serie de adversidades en su organismo lo obligan a frenar la pelota, a detener su ritmo vertiginoso y&hellip; <\/p>\n","protected":false},"author":1,"featured_media":136407,"comment_status":"closed","ping_status":"open","sticky":false,"template":"","format":"standard","meta":{"footnotes":""},"categories":[19],"tags":[],"class_list":["post-136402","post","type-post","status-publish","format-standard","has-post-thumbnail","hentry","category-espectaculos"],"_links":{"self":[{"href":"https:\/\/corrientesdetarde.com\/index.php\/wp-json\/wp\/v2\/posts\/136402","targetHints":{"allow":["GET"]}}],"collection":[{"href":"https:\/\/corrientesdetarde.com\/index.php\/wp-json\/wp\/v2\/posts"}],"about":[{"href":"https:\/\/corrientesdetarde.com\/index.php\/wp-json\/wp\/v2\/types\/post"}],"author":[{"embeddable":true,"href":"https:\/\/corrientesdetarde.com\/index.php\/wp-json\/wp\/v2\/users\/1"}],"replies":[{"embeddable":true,"href":"https:\/\/corrientesdetarde.com\/index.php\/wp-json\/wp\/v2\/comments?post=136402"}],"version-history":[{"count":1,"href":"https:\/\/corrientesdetarde.com\/index.php\/wp-json\/wp\/v2\/posts\/136402\/revisions"}],"predecessor-version":[{"id":136408,"href":"https:\/\/corrientesdetarde.com\/index.php\/wp-json\/wp\/v2\/posts\/136402\/revisions\/136408"}],"wp:featuredmedia":[{"embeddable":true,"href":"https:\/\/corrientesdetarde.com\/index.php\/wp-json\/wp\/v2\/media\/136407"}],"wp:attachment":[{"href":"https:\/\/corrientesdetarde.com\/index.php\/wp-json\/wp\/v2\/media?parent=136402"}],"wp:term":[{"taxonomy":"category","embeddable":true,"href":"https:\/\/corrientesdetarde.com\/index.php\/wp-json\/wp\/v2\/categories?post=136402"},{"taxonomy":"post_tag","embeddable":true,"href":"https:\/\/corrientesdetarde.com\/index.php\/wp-json\/wp\/v2\/tags?post=136402"}],"curies":[{"name":"wp","href":"https:\/\/api.w.org\/{rel}","templated":true}]}}