{"id":136485,"date":"2024-03-28T18:18:36","date_gmt":"2024-03-28T21:18:36","guid":{"rendered":"https:\/\/corrientesdetarde.com\/?p=136485"},"modified":"2024-03-28T18:18:48","modified_gmt":"2024-03-28T21:18:48","slug":"corrientes-atraparon-a-dos-dealers-de-cocaina","status":"publish","type":"post","link":"https:\/\/corrientesdetarde.com\/index.php\/policiales\/corrientes-atraparon-a-dos-dealers-de-cocaina\/","title":{"rendered":"Corrientes: atraparon a dos dealers de coca\u00edna."},"content":{"rendered":"\n<h2 class=\"wp-block-heading\">El procedimiento fue realizado por la Polic\u00eda provincial. En total ten\u00edan 19 envoltorios.<\/h2>\n\n\n\n<p>La Polic\u00eda de Corrientes demor\u00f3 a dos personas y secuestr\u00f3 bochitas de coca\u00edna. Fue a trav\u00e9s de un procedimiento realizado en la noche de este mi\u00e9rcoles 27.<\/p>\n\n\n\n<p>Efectivos policiales dependientes de la Direcci\u00f3n General de Drogas Peligrosas y Crimen Organizado brindaron colaboraci\u00f3n con personal de la Comisaria Primera Urbana, quienes ten\u00edan demorados a dos personas mayores de edad y en poder de los mismos secuestraron bochitas de sustancia color blanco.<\/p>\n\n\n\n<p>Por lo que de forma inmediata los efectivos procedieron a efectuar el correspondiente t\u00e9s, el cual arrojo positivo para Coca\u00edna, siendo un total de 19 envoltorios.<\/p>\n\n\n\n<p>Al respecto, los secuestrado y lo secuestrado fueron puestos a disposici\u00f3n de las autoridades judiciales en turno.<\/p>\n","protected":false},"excerpt":{"rendered":"<p>El procedimiento fue realizado por la Polic\u00eda provincial. En total ten\u00edan 19 envoltorios. La Polic\u00eda de Corrientes demor\u00f3 a dos personas y secuestr\u00f3 bochitas de coca\u00edna. Fue a trav\u00e9s de&hellip; <\/p>\n","protected":false},"author":6,"featured_media":136488,"comment_status":"closed","ping_status":"open","sticky":false,"template":"","format":"standard","meta":{"footnotes":""},"categories":[33],"tags":[],"class_list":["post-136485","post","type-post","status-publish","format-standard","has-post-thumbnail","hentry","category-policiales"],"_links":{"self":[{"href":"https:\/\/corrientesdetarde.com\/index.php\/wp-json\/wp\/v2\/posts\/136485","targetHints":{"allow":["GET"]}}],"collection":[{"href":"https:\/\/corrientesdetarde.com\/index.php\/wp-json\/wp\/v2\/posts"}],"about":[{"href":"https:\/\/corrientesdetarde.com\/index.php\/wp-json\/wp\/v2\/types\/post"}],"author":[{"embeddable":true,"href":"https:\/\/corrientesdetarde.com\/index.php\/wp-json\/wp\/v2\/users\/6"}],"replies":[{"embeddable":true,"href":"https:\/\/corrientesdetarde.com\/index.php\/wp-json\/wp\/v2\/comments?post=136485"}],"version-history":[{"count":1,"href":"https:\/\/corrientesdetarde.com\/index.php\/wp-json\/wp\/v2\/posts\/136485\/revisions"}],"predecessor-version":[{"id":136489,"href":"https:\/\/corrientesdetarde.com\/index.php\/wp-json\/wp\/v2\/posts\/136485\/revisions\/136489"}],"wp:featuredmedia":[{"embeddable":true,"href":"https:\/\/corrientesdetarde.com\/index.php\/wp-json\/wp\/v2\/media\/136488"}],"wp:attachment":[{"href":"https:\/\/corrientesdetarde.com\/index.php\/wp-json\/wp\/v2\/media?parent=136485"}],"wp:term":[{"taxonomy":"category","embeddable":true,"href":"https:\/\/corrientesdetarde.com\/index.php\/wp-json\/wp\/v2\/categories?post=136485"},{"taxonomy":"post_tag","embeddable":true,"href":"https:\/\/corrientesdetarde.com\/index.php\/wp-json\/wp\/v2\/tags?post=136485"}],"curies":[{"name":"wp","href":"https:\/\/api.w.org\/{rel}","templated":true}]}}