{"id":136497,"date":"2024-03-28T18:49:49","date_gmt":"2024-03-28T21:49:49","guid":{"rendered":"https:\/\/corrientesdetarde.com\/?p=136497"},"modified":"2024-03-28T18:50:14","modified_gmt":"2024-03-28T21:50:14","slug":"las-amenazas-de-muerte-que-sufrio-di-maria-estan-vinculadas-con-el-narcotrafico","status":"publish","type":"post","link":"https:\/\/corrientesdetarde.com\/index.php\/crimen-y-justicia\/las-amenazas-de-muerte-que-sufrio-di-maria-estan-vinculadas-con-el-narcotrafico\/","title":{"rendered":"Las amenazas de muerte que sufri\u00f3 Di Mar\u00eda est\u00e1n vinculadas con el narcotr\u00e1fico."},"content":{"rendered":"\n<h2 class=\"wp-block-heading\">En las \u00faltimas horas, fueron detenidas m\u00e1s de diez personas: el primero, Pablo Acotto, habr\u00eda sido el autor material de las amenazas.<\/h2>\n\n\n\n<p><strong>\u00c1ngel Di Mar\u00eda<\/strong>\u00a0fue amenazado de muerte en su casa de Funes, a las afueras de Rosario. El mensaje intimidatorio aseguraba que no lo iba a poder defender ni siquiera el Gobernador: \u201cNi Pullaro te va a salvar\u201d.<\/p>\n\n\n\n<p>Despu\u00e9s de que las fuerzas de seguridad detuvieron a\u00a0<strong>Pablo Acotto<\/strong>, quien ser\u00eda el autor material; cay\u00f3 tambi\u00e9n Tamara Le\u00f3n, se\u00f1alada como la persona que orden\u00f3 llevar a cabo las amenazas.<\/p>\n\n\n\n<p>Este jueves, desde el&nbsp;<strong>Ministerio de Seguridad<\/strong>&nbsp;aseguraron: \u201c<strong>Una banda sat\u00e9lite de Los Monos, responsable de las amenazas a Di Mar\u00eda, fue desarticulada<\/strong>\u201d. Y sobre la autora intelectual, agregaron: \u201cFue en el marco de una importante investigaci\u00f3n que se lleva a cabo en causas vinculadas al&nbsp;<strong>tr\u00e1fico y venta de estupefacientes.<\/strong>&nbsp;Gracias a las escuchas telef\u00f3nicas, confirmamos que la detenida contrat\u00f3 a Pablo Acotto, detenido el d\u00eda de ayer, para amenazar al futbolista\u201d.<\/p>\n\n\n\n<p>Por otra parte, informaron que el v\u00ednculo era m\u00e1s profundo: \u201cTamara es l\u00edder de una banda narco que comercializaba droga en la localidad de P\u00e9rez, Santa Fe, y tendr\u00eda vinculaciones con<strong>&nbsp;\u201cDylan\u201d Cantero,&nbsp;<\/strong>el l\u00edder m\u00e1s joven de la banda de Los Monos\u201d.<\/p>\n\n\n\n<p>En el comunicado publicado en las redes sociales, el Ministerio de Seguridad confirm\u00f3 que despu\u00e9s de los tres detenidos del mi\u00e9rcoles, aprehendieron a ocho m\u00e1s: \u201cEn los allanamientos en Rosario&nbsp;<strong>detuvimos a los participantes de la banda narcocriminal<\/strong>: Selene Romero, Bel\u00e9n Ledesma, Janina Le\u00f3n, Luciano Naidenoff, Brian Roja, Walter Altamirano, Alejandro Fern\u00e1ndez y Miguel Aguirre. Tambi\u00e9n se secuestr\u00f3 droga, armas de caza y sus cartuchos, dinero y dispositivos electr\u00f3nicos\u201d.<\/p>\n","protected":false},"excerpt":{"rendered":"<p>En las \u00faltimas horas, fueron detenidas m\u00e1s de diez personas: el primero, Pablo Acotto, habr\u00eda sido el autor material de las amenazas. \u00c1ngel Di Mar\u00eda\u00a0fue amenazado de muerte en su&hellip; <\/p>\n","protected":false},"author":6,"featured_media":136499,"comment_status":"closed","ping_status":"open","sticky":false,"template":"","format":"standard","meta":{"footnotes":""},"categories":[5],"tags":[],"class_list":["post-136497","post","type-post","status-publish","format-standard","has-post-thumbnail","hentry","category-crimen-y-justicia"],"_links":{"self":[{"href":"https:\/\/corrientesdetarde.com\/index.php\/wp-json\/wp\/v2\/posts\/136497","targetHints":{"allow":["GET"]}}],"collection":[{"href":"https:\/\/corrientesdetarde.com\/index.php\/wp-json\/wp\/v2\/posts"}],"about":[{"href":"https:\/\/corrientesdetarde.com\/index.php\/wp-json\/wp\/v2\/types\/post"}],"author":[{"embeddable":true,"href":"https:\/\/corrientesdetarde.com\/index.php\/wp-json\/wp\/v2\/users\/6"}],"replies":[{"embeddable":true,"href":"https:\/\/corrientesdetarde.com\/index.php\/wp-json\/wp\/v2\/comments?post=136497"}],"version-history":[{"count":1,"href":"https:\/\/corrientesdetarde.com\/index.php\/wp-json\/wp\/v2\/posts\/136497\/revisions"}],"predecessor-version":[{"id":136498,"href":"https:\/\/corrientesdetarde.com\/index.php\/wp-json\/wp\/v2\/posts\/136497\/revisions\/136498"}],"wp:featuredmedia":[{"embeddable":true,"href":"https:\/\/corrientesdetarde.com\/index.php\/wp-json\/wp\/v2\/media\/136499"}],"wp:attachment":[{"href":"https:\/\/corrientesdetarde.com\/index.php\/wp-json\/wp\/v2\/media?parent=136497"}],"wp:term":[{"taxonomy":"category","embeddable":true,"href":"https:\/\/corrientesdetarde.com\/index.php\/wp-json\/wp\/v2\/categories?post=136497"},{"taxonomy":"post_tag","embeddable":true,"href":"https:\/\/corrientesdetarde.com\/index.php\/wp-json\/wp\/v2\/tags?post=136497"}],"curies":[{"name":"wp","href":"https:\/\/api.w.org\/{rel}","templated":true}]}}