{"id":136500,"date":"2024-03-28T18:55:38","date_gmt":"2024-03-28T21:55:38","guid":{"rendered":"https:\/\/corrientesdetarde.com\/?p=136500"},"modified":"2024-03-28T18:55:41","modified_gmt":"2024-03-28T21:55:41","slug":"un-oso-melero-fue-rescatado-en-el-interior-de-corrientes","status":"publish","type":"post","link":"https:\/\/corrientesdetarde.com\/index.php\/interior\/un-oso-melero-fue-rescatado-en-el-interior-de-corrientes\/","title":{"rendered":"Un Oso Melero fue rescatado en el interior de Corrientes."},"content":{"rendered":"\n<h2 class=\"wp-block-heading\">Vecinos de la Escuela Primaria 315 &#8220;Mar\u00eda Hilda Sosa&#8221; fueron testigos de un inusual avistamiento: la presencia de un animal merodeando por la zona. El oso fue trasladado al Parque Nacional Mburucuy\u00e1, donde se le brindar\u00e1 el cuidado necesario para su recuperaci\u00f3n y posterior liberaci\u00f3n en su h\u00e1bitat natural.<\/h2>\n\n\n\n<p>El alerta a las autoridades locales fue dado por un vecino de la zona, Ignacio Sosa, desencadenando una r\u00e1pida respuesta por parte de la polic\u00eda de la localidad de santa rosa.<\/p>\n\n\n\n<p>As\u00ed desde la comisar\u00eda, se organiz\u00f3 un operativo de rescate sin precedentes, en colaboraci\u00f3n con el personal del Parque Nacional Mburucuy\u00e1 y la intervenci\u00f3n del m\u00e9dico veterinario Mart\u00ednez.<\/p>\n\n\n\n<p>La ma\u00f1ana de este jueves se torn\u00f3 en un escenario de tensi\u00f3n cuando se descubri\u00f3 que el animal en cuesti\u00f3n era un oso melero, tambi\u00e9n conocido el hermano menor del oso hormiguero. La criatura se encontraba en peligro, siendo atacada por perros del barrio. La intervenci\u00f3n r\u00e1pida y coordinada de la polic\u00eda permiti\u00f3 poner al oso melero a resguardo, evitando as\u00ed un desenlace fatal.<\/p>\n\n\n\n<p>Durante la tarde, el oso fue trasladado al Parque Nacional Mburucuy\u00e1, donde se le brindar\u00e1 el cuidado necesario para su recuperaci\u00f3n y posterior liberaci\u00f3n en su h\u00e1bitat natural. Marcelo Fleitas, guardaparque destacado en la operaci\u00f3n de rescate, resalt\u00f3 la importancia de este esfuerzo conjunto para preservar la vida silvestre y proteger a especies como el oso melero.Previous<\/p>\n\n\n\n<figure class=\"wp-block-image\"><img decoding=\"async\" src=\"https:\/\/www.diarioepoca.com\/content\/bucket\/8\/1354818h720.jpg.webp\" alt=\"oso1.jpg\"\/><\/figure>\n\n\n\n<figure class=\"wp-block-image\"><img decoding=\"async\" src=\"https:\/\/www.diarioepoca.com\/content\/bucket\/9\/1354819h720.jpg.webp\" alt=\"oso.jpg\"\/><\/figure>\n\n\n\n<p>Oso melero<\/p>\n\n\n\n<p>Es caracterizado por ser un animal solitario que habita en diversos h\u00e1bitats de selvas y sabanas \u00e1ridas, despierta admiraci\u00f3n por su papel fundamental en el ecosistema. Su alimentaci\u00f3n, basada en hormigas, termitas y abejas, y sus habilidades para trepar \u00e1rboles con su cola prensil y fuertes garras, lo convierten en un eslab\u00f3n crucial en la cadena alimentaria y en el control biol\u00f3gico de insectos.<\/p>\n\n\n\n<p>El rescate y liberaci\u00f3n del oso melero en Santa Rosa no solo representa un acto de solidaridad hacia la fauna silvestre, sino tambi\u00e9n un recordatorio de la importancia de proteger y conservar los entornos naturales donde estas especies encuentran refugio y desempe\u00f1an un papel vital para el equilibrio del ecosistema.<\/p>\n\n\n\n<p><em>Fuente: fmlaruta<\/em>.<\/p>\n","protected":false},"excerpt":{"rendered":"<p>Vecinos de la Escuela Primaria 315 &#8220;Mar\u00eda Hilda Sosa&#8221; fueron testigos de un inusual avistamiento: la presencia de un animal merodeando por la zona. El oso fue trasladado al Parque&hellip; <\/p>\n","protected":false},"author":6,"featured_media":136501,"comment_status":"closed","ping_status":"open","sticky":false,"template":"","format":"standard","meta":{"footnotes":""},"categories":[1658],"tags":[],"class_list":["post-136500","post","type-post","status-publish","format-standard","has-post-thumbnail","hentry","category-interior"],"_links":{"self":[{"href":"https:\/\/corrientesdetarde.com\/index.php\/wp-json\/wp\/v2\/posts\/136500","targetHints":{"allow":["GET"]}}],"collection":[{"href":"https:\/\/corrientesdetarde.com\/index.php\/wp-json\/wp\/v2\/posts"}],"about":[{"href":"https:\/\/corrientesdetarde.com\/index.php\/wp-json\/wp\/v2\/types\/post"}],"author":[{"embeddable":true,"href":"https:\/\/corrientesdetarde.com\/index.php\/wp-json\/wp\/v2\/users\/6"}],"replies":[{"embeddable":true,"href":"https:\/\/corrientesdetarde.com\/index.php\/wp-json\/wp\/v2\/comments?post=136500"}],"version-history":[{"count":1,"href":"https:\/\/corrientesdetarde.com\/index.php\/wp-json\/wp\/v2\/posts\/136500\/revisions"}],"predecessor-version":[{"id":136502,"href":"https:\/\/corrientesdetarde.com\/index.php\/wp-json\/wp\/v2\/posts\/136500\/revisions\/136502"}],"wp:featuredmedia":[{"embeddable":true,"href":"https:\/\/corrientesdetarde.com\/index.php\/wp-json\/wp\/v2\/media\/136501"}],"wp:attachment":[{"href":"https:\/\/corrientesdetarde.com\/index.php\/wp-json\/wp\/v2\/media?parent=136500"}],"wp:term":[{"taxonomy":"category","embeddable":true,"href":"https:\/\/corrientesdetarde.com\/index.php\/wp-json\/wp\/v2\/categories?post=136500"},{"taxonomy":"post_tag","embeddable":true,"href":"https:\/\/corrientesdetarde.com\/index.php\/wp-json\/wp\/v2\/tags?post=136500"}],"curies":[{"name":"wp","href":"https:\/\/api.w.org\/{rel}","templated":true}]}}