{"id":136508,"date":"2024-03-28T19:20:33","date_gmt":"2024-03-28T22:20:33","guid":{"rendered":"https:\/\/corrientesdetarde.com\/?p=136508"},"modified":"2024-03-28T19:20:45","modified_gmt":"2024-03-28T22:20:45","slug":"45-edicion-del-tradicional-via-crucis-interprovincial","status":"publish","type":"post","link":"https:\/\/corrientesdetarde.com\/index.php\/informacion-general\/45-edicion-del-tradicional-via-crucis-interprovincial\/","title":{"rendered":"45\u00b0 edici\u00f3n del tradicional v\u00eda crucis interprovincial."},"content":{"rendered":"\n<h2 class=\"wp-block-heading\">Se realizar\u00e1 el jueves 28 de marzo desde la medianoche. Se iniciar\u00e1 en el convento de las Clarisas, en Corrientes, y finalizar\u00e1 en la sede de la misma congregaci\u00f3n, en Resistencia.<\/h2>\n\n\n\n<p>Miles de fieles de las arquidi\u00f3cesis de Corrientes y de Resistencia se congregar\u00e1n, el jueves 28 de marzo (Jueves Santo) a la medianoche, para participar del rezo del 45\u00b0 Viacrucis Interprovincial, que se iniciar\u00e1 en el convento de las hermanas Clarisas de Corrientes (ubicado en la intersecci\u00f3n de las calles Jun\u00edn y Roca).\u00a0<\/p>\n\n\n\n<p>Esta manifestaci\u00f3n de fe, que se lleva a cabo hace ya varios a\u00f1os, es impulsada por el grupo de Laicos Caminantes. Se realizar\u00e1, en esta ocasi\u00f3n, con el lema &#8220;El sacrificio del amor, se transforma en oraci\u00f3n&#8221; y comenzar\u00e1 con la bendici\u00f3n de monse\u00f1or Andr\u00e9s Stanovnik, arzobispo de Corrientes.<\/p>\n\n\n\n<figure class=\"wp-block-image\"><img decoding=\"async\" src=\"https:\/\/www.lt7noticias.com\/content\/bucket\/4\/61284w770h1369c.jpg.webp\" alt=\"\"\/><\/figure>\n\n\n\n<p>Luego de la primera estaci\u00f3n en el convento, los caminantes se dirigir\u00e1n hacia la catedral correntina, donde se rezar\u00e1 la segunda estaci\u00f3n; la tercera se har\u00e1 frente a la iglesia Mar\u00eda Auxiliadora. Las siguientes estaciones ser\u00e1n en los santuarios de Nuestra Se\u00f1ora de la Merced y de la sant\u00edsima Cruz de los Milagros.<\/p>\n\n\n\n<p>La siguiente estaci\u00f3n tendr\u00e1 lugar en el peaje del puente General Belgrano, alrededor de las 3 de la madrugada. La s\u00e9ptima se rezar\u00e1 en la capilla Virgen Stella Maris, ya en Barranqueras (provincia del Chaco), y la siguiente, en la parroquia Inmaculada Concepci\u00f3n. La novena estaci\u00f3n se har\u00e1 en la parroquia San Jos\u00e9 y la d\u00e9cima, en la parroquia Nuestra Se\u00f1ora de la Merced.<\/p>\n\n\n\n<p>Las siguientes estaciones ser\u00e1n frente al Hospital Perrando, en la catedral de Resistencia y en la capilla Sagrado Coraz\u00f3n de Jes\u00fas; y la \u00faltima, en el seminario interdiocesano La Encarnaci\u00f3n, culminando con una oraci\u00f3n en el Convento de las Hermanas Clarisas de esa jurisdicci\u00f3n eclesi\u00e1stica.<\/p>\n","protected":false},"excerpt":{"rendered":"<p>Se realizar\u00e1 el jueves 28 de marzo desde la medianoche. Se iniciar\u00e1 en el convento de las Clarisas, en Corrientes, y finalizar\u00e1 en la sede de la misma congregaci\u00f3n, en&hellip; <\/p>\n","protected":false},"author":6,"featured_media":136510,"comment_status":"closed","ping_status":"open","sticky":false,"template":"","format":"standard","meta":{"footnotes":""},"categories":[1],"tags":[],"class_list":["post-136508","post","type-post","status-publish","format-standard","has-post-thumbnail","hentry","category-informacion-general"],"_links":{"self":[{"href":"https:\/\/corrientesdetarde.com\/index.php\/wp-json\/wp\/v2\/posts\/136508","targetHints":{"allow":["GET"]}}],"collection":[{"href":"https:\/\/corrientesdetarde.com\/index.php\/wp-json\/wp\/v2\/posts"}],"about":[{"href":"https:\/\/corrientesdetarde.com\/index.php\/wp-json\/wp\/v2\/types\/post"}],"author":[{"embeddable":true,"href":"https:\/\/corrientesdetarde.com\/index.php\/wp-json\/wp\/v2\/users\/6"}],"replies":[{"embeddable":true,"href":"https:\/\/corrientesdetarde.com\/index.php\/wp-json\/wp\/v2\/comments?post=136508"}],"version-history":[{"count":1,"href":"https:\/\/corrientesdetarde.com\/index.php\/wp-json\/wp\/v2\/posts\/136508\/revisions"}],"predecessor-version":[{"id":136511,"href":"https:\/\/corrientesdetarde.com\/index.php\/wp-json\/wp\/v2\/posts\/136508\/revisions\/136511"}],"wp:featuredmedia":[{"embeddable":true,"href":"https:\/\/corrientesdetarde.com\/index.php\/wp-json\/wp\/v2\/media\/136510"}],"wp:attachment":[{"href":"https:\/\/corrientesdetarde.com\/index.php\/wp-json\/wp\/v2\/media?parent=136508"}],"wp:term":[{"taxonomy":"category","embeddable":true,"href":"https:\/\/corrientesdetarde.com\/index.php\/wp-json\/wp\/v2\/categories?post=136508"},{"taxonomy":"post_tag","embeddable":true,"href":"https:\/\/corrientesdetarde.com\/index.php\/wp-json\/wp\/v2\/tags?post=136508"}],"curies":[{"name":"wp","href":"https:\/\/api.w.org\/{rel}","templated":true}]}}