{"id":136515,"date":"2024-03-28T19:59:48","date_gmt":"2024-03-28T22:59:48","guid":{"rendered":"https:\/\/corrientesdetarde.com\/?p=136515"},"modified":"2024-03-28T20:00:00","modified_gmt":"2024-03-28T23:00:00","slug":"santiago-artemis-sufrio-un-ataque-homofobico-en-la-calle","status":"publish","type":"post","link":"https:\/\/corrientesdetarde.com\/index.php\/espectaculos\/santiago-artemis-sufrio-un-ataque-homofobico-en-la-calle\/","title":{"rendered":"Santiago Artemis sufri\u00f3 un ataque homof\u00f3bico en la calle."},"content":{"rendered":"\n<h2 class=\"wp-block-heading\">El reconocido dise\u00f1ador relat\u00f3 el grave episodio que vivi\u00f3 por el que tuvo que ser atendido por una ambulancia.<\/h2>\n\n\n\n<p>Un lamentable episodio de violencia sufri\u00f3\u00a0el dise\u00f1ador<strong>\u00a0Santiago Artemis<\/strong>\u00a0en plena calle cuando fue atacado por dos personas y lastimado con un objeto punzante, en un claro ataque homof\u00f3bico. El hecho sucedi\u00f3 despu\u00e9s de recibir una serie de insultos cuando iba a comprar comida y en plena v\u00eda p\u00fablica.<\/p>\n\n\n\n<p>\u201cFui atacado por dos personas en la calle hace 48 hs. No quer\u00eda contar esto porque, adem\u00e1s de preocupar, ten\u00eda miedo de que ustedes se asusten. No me pas\u00f3 absolutamente nada gracias a Dios\u201d, empez\u00f3 escribiendo en su cuenta de Instagram.<\/p>\n\n\n\n<p>\u201cLa homofobia todav\u00eda existe y gente mala ni hablar. \u00a1Pero estoy bien y agradezco a mi amigo Salvador Lloveras que estuvo conmigo en este proceso! Una de las personas m\u00e1s hermosas que conozco. El lunes retomo mis clientas y mis actividades. A parte a m\u00ed me daba verg\u00fcenza contarlo, pero s\u00e9 en mi coraz\u00f3n que explico esto para que ustedes puedan comprender mis ausencias en redes estos d\u00edas o sus preocupaciones si las tuvieran\u201d, relat\u00f3.<\/p>\n\n\n\n<figure class=\"wp-block-image size-large\"><img loading=\"lazy\" decoding=\"async\" width=\"683\" height=\"1024\" src=\"https:\/\/corrientesdetarde.com\/wp-content\/uploads\/2024\/03\/image-770-683x1024.png\" alt=\"\" class=\"wp-image-136517\" srcset=\"https:\/\/corrientesdetarde.com\/wp-content\/uploads\/2024\/03\/image-770-683x1024.png 683w, https:\/\/corrientesdetarde.com\/wp-content\/uploads\/2024\/03\/image-770-200x300.png 200w, https:\/\/corrientesdetarde.com\/wp-content\/uploads\/2024\/03\/image-770.png 768w\" sizes=\"auto, (max-width: 683px) 100vw, 683px\" \/><\/figure>\n\n\n\n<p>El posteo de Santiago Artemis tras ser recibir un terrible ataque homof\u00f3bico en la calle: &#8220;Me cortaron&#8221; (Foto: Instagram Stories)<\/p>\n\n\n\n<p>\u201cGracias a las enfermeras, a todo el equipo de la polic\u00eda y el SAME que me convencieron para que fuera (por miedo a que alguien me vea, qu\u00e9 estupidez). Che, gracias a todos por el amor. No imagin\u00e9 tanta buena onda. O sea, la gente me habla siempre, pero no me dan las manos para responder. Los amo. Real\u201d, puso, unas horas antes de contar a trav\u00e9s de un video el triste hecho que padeci\u00f3.<\/p>\n\n\n\n<p>El dise\u00f1ador, uno de los m\u00e1s reconocidos del pa\u00eds y elegido por much\u00edsimas famosas de Argentina y el mundo, relat\u00f3 lo que tuvo que vivir. \u201cVoy a hacer medio corta esta historia porque no me parece c\u00f3moda, pero\u00a0<em>i\u2019ll do it anyway<\/em>. Fui a buscar comida a uno de mis restaurantes favoritos de la zona. Estaba de chup\u00edn y remera. Lo explico porque si bien, ni yo ni nadie merece ser violentado por c\u00f3mo te vest\u00eds, no estaba vestido en \u2018modo Artemis\u2019, estaba vestido en modo nada\u201d, cont\u00f3.<\/p>\n\n\n\n<p>\u201cCreo que lo que hizo que me insultaran es que yo ten\u00eda una remera de los Osos Cari\u00f1osos en rosa, pero nada fuera de lo com\u00fan. Cuando llego a un lugar me empezaron a insultar dos chicos y eran todas palabras que hac\u00edan referencia a gay. Los insultos que escuchaba eran \u2018trolo\u2019, \u2018gay\u2019 y era como una m\u00e1quina del tiempo. Pero no les di bola y creo que eso hizo que uno me persiguiera\u201d, rememor\u00f3 el ataque homof\u00f3bico que tuvo.<\/p>\n\n\n\n<p>\u201cAntes de entrar al restaurante siento algo en la pierna, pero pens\u00e9 que era un pellizc\u00f3n o algo as\u00ed. Cuando me sent\u00e9 una pareja de turistas norteamericanos de 70 u 80 a\u00f1os me preguntaron si estaba bien, les dije que s\u00ed y ah\u00ed me dijeron que estaba sangrando. Hab\u00eda un charco de sangre tan grande que si la foto la muestro ac\u00e1 me rajan de Instagram\u201d, se\u00f1al\u00f3 desde una serie de stories que realiz\u00f3.<\/p>\n\n\n\n<p>\u201cAh\u00ed arranc\u00f3 el proceso de llamar a la ambulancia, describir lo que pas\u00f3. Me llevaron en una ambulancia y me tuvieron que coser porque me cortaron en una pierna. Si soy honesto, el robo de un celular que me hicieron en 2022 siempre tiene que ver con lo mismo. Cierta sensaci\u00f3n de abuso porque sos gay. Fue muy shockeante pasar por todo eso de las ambulancias, los gritos\u201d, se\u00f1al\u00f3, el dise\u00f1ador que tuvo que ser suturado y ahora permanece en reposo.<\/p>\n\n\n\n<p><em>Fuente: Todo Noticias.<\/em><\/p>\n","protected":false},"excerpt":{"rendered":"<p>El reconocido dise\u00f1ador relat\u00f3 el grave episodio que vivi\u00f3 por el que tuvo que ser atendido por una ambulancia. Un lamentable episodio de violencia sufri\u00f3\u00a0el dise\u00f1ador\u00a0Santiago Artemis\u00a0en plena calle cuando&hellip; <\/p>\n","protected":false},"author":6,"featured_media":136518,"comment_status":"closed","ping_status":"open","sticky":false,"template":"","format":"standard","meta":{"footnotes":""},"categories":[19],"tags":[],"class_list":["post-136515","post","type-post","status-publish","format-standard","has-post-thumbnail","hentry","category-espectaculos"],"_links":{"self":[{"href":"https:\/\/corrientesdetarde.com\/index.php\/wp-json\/wp\/v2\/posts\/136515","targetHints":{"allow":["GET"]}}],"collection":[{"href":"https:\/\/corrientesdetarde.com\/index.php\/wp-json\/wp\/v2\/posts"}],"about":[{"href":"https:\/\/corrientesdetarde.com\/index.php\/wp-json\/wp\/v2\/types\/post"}],"author":[{"embeddable":true,"href":"https:\/\/corrientesdetarde.com\/index.php\/wp-json\/wp\/v2\/users\/6"}],"replies":[{"embeddable":true,"href":"https:\/\/corrientesdetarde.com\/index.php\/wp-json\/wp\/v2\/comments?post=136515"}],"version-history":[{"count":1,"href":"https:\/\/corrientesdetarde.com\/index.php\/wp-json\/wp\/v2\/posts\/136515\/revisions"}],"predecessor-version":[{"id":136521,"href":"https:\/\/corrientesdetarde.com\/index.php\/wp-json\/wp\/v2\/posts\/136515\/revisions\/136521"}],"wp:featuredmedia":[{"embeddable":true,"href":"https:\/\/corrientesdetarde.com\/index.php\/wp-json\/wp\/v2\/media\/136518"}],"wp:attachment":[{"href":"https:\/\/corrientesdetarde.com\/index.php\/wp-json\/wp\/v2\/media?parent=136515"}],"wp:term":[{"taxonomy":"category","embeddable":true,"href":"https:\/\/corrientesdetarde.com\/index.php\/wp-json\/wp\/v2\/categories?post=136515"},{"taxonomy":"post_tag","embeddable":true,"href":"https:\/\/corrientesdetarde.com\/index.php\/wp-json\/wp\/v2\/tags?post=136515"}],"curies":[{"name":"wp","href":"https:\/\/api.w.org\/{rel}","templated":true}]}}