{"id":13676,"date":"2022-10-23T11:41:54","date_gmt":"2022-10-23T14:41:54","guid":{"rendered":"https:\/\/corrientesdetarde.com\/?p=13676"},"modified":"2022-10-23T11:41:56","modified_gmt":"2022-10-23T14:41:56","slug":"va-llegando-el-verano-como-estara-el-tiempo-en-la-semana-en-corrientes","status":"publish","type":"post","link":"https:\/\/corrientesdetarde.com\/index.php\/informacion-general\/va-llegando-el-verano-como-estara-el-tiempo-en-la-semana-en-corrientes\/","title":{"rendered":"Va llegando el verano: c\u00f3mo estar\u00e1 el tiempo en la semana en Corrientes"},"content":{"rendered":"\n<p>Anticipan la probabilidad del aumento de la temperatura en la ciudad. Aunque un d\u00eda podr\u00edan registrarse lluvias.<\/p>\n\n\n\n<p>Esta semana en Corrientes se esperan temperaturas superiores a los 30 grados. Por lo que ser\u00edan d\u00edas con intensos calores como para ir preparando el terreno para el verano.<\/p>\n\n\n\n<p>Para este lunes las m\u00ednimas estar\u00edan ubicadas en 16 y las m\u00e1ximas en 30. El martes se reeditar\u00edan las m\u00e1s bajas pero la m\u00e1s alta ser\u00eda de un grado m\u00e1s, con 31.<\/p>\n\n\n\n<p>El mi\u00e9rcoles est\u00e1 pronosticado lluvias pero sin descenso de termperatura. Es que la amplitud t\u00e9rmica estar\u00eda entre los 21 y los 33.<\/p>\n\n\n\n<p>El alivio llegar\u00eda el jueces con m\u00ednimas de 18 y m\u00e1ximas de 27. En tanto que el viernes estar\u00edan entre 15 y 29.<\/p>\n","protected":false},"excerpt":{"rendered":"<p>Anticipan la probabilidad del aumento de la temperatura en la ciudad. Aunque un d\u00eda podr\u00edan registrarse lluvias. Esta semana en Corrientes se esperan temperaturas superiores a los 30 grados. Por&hellip; <\/p>\n","protected":false},"author":4,"featured_media":13677,"comment_status":"closed","ping_status":"open","sticky":false,"template":"","format":"standard","meta":{"footnotes":""},"categories":[1],"tags":[],"class_list":["post-13676","post","type-post","status-publish","format-standard","has-post-thumbnail","hentry","category-informacion-general"],"_links":{"self":[{"href":"https:\/\/corrientesdetarde.com\/index.php\/wp-json\/wp\/v2\/posts\/13676","targetHints":{"allow":["GET"]}}],"collection":[{"href":"https:\/\/corrientesdetarde.com\/index.php\/wp-json\/wp\/v2\/posts"}],"about":[{"href":"https:\/\/corrientesdetarde.com\/index.php\/wp-json\/wp\/v2\/types\/post"}],"author":[{"embeddable":true,"href":"https:\/\/corrientesdetarde.com\/index.php\/wp-json\/wp\/v2\/users\/4"}],"replies":[{"embeddable":true,"href":"https:\/\/corrientesdetarde.com\/index.php\/wp-json\/wp\/v2\/comments?post=13676"}],"version-history":[{"count":1,"href":"https:\/\/corrientesdetarde.com\/index.php\/wp-json\/wp\/v2\/posts\/13676\/revisions"}],"predecessor-version":[{"id":13678,"href":"https:\/\/corrientesdetarde.com\/index.php\/wp-json\/wp\/v2\/posts\/13676\/revisions\/13678"}],"wp:featuredmedia":[{"embeddable":true,"href":"https:\/\/corrientesdetarde.com\/index.php\/wp-json\/wp\/v2\/media\/13677"}],"wp:attachment":[{"href":"https:\/\/corrientesdetarde.com\/index.php\/wp-json\/wp\/v2\/media?parent=13676"}],"wp:term":[{"taxonomy":"category","embeddable":true,"href":"https:\/\/corrientesdetarde.com\/index.php\/wp-json\/wp\/v2\/categories?post=13676"},{"taxonomy":"post_tag","embeddable":true,"href":"https:\/\/corrientesdetarde.com\/index.php\/wp-json\/wp\/v2\/tags?post=13676"}],"curies":[{"name":"wp","href":"https:\/\/api.w.org\/{rel}","templated":true}]}}