{"id":136880,"date":"2024-03-31T12:01:06","date_gmt":"2024-03-31T15:01:06","guid":{"rendered":"https:\/\/corrientesdetarde.com\/?p=136880"},"modified":"2024-03-31T12:01:09","modified_gmt":"2024-03-31T15:01:09","slug":"grave-lesion-de-lucas-blondel-estara-afuera-por-varios-meses","status":"publish","type":"post","link":"https:\/\/corrientesdetarde.com\/index.php\/deportes\/grave-lesion-de-lucas-blondel-estara-afuera-por-varios-meses\/","title":{"rendered":"Grave lesi\u00f3n de Lucas Blondel: estar\u00e1 afuera por varios meses"},"content":{"rendered":"\n<p>El defensor de Boca sufri\u00f3 la rotura de ligamentos cruzados de la rodilla derecha.<\/p>\n\n\n\n<p><strong>El defensor de Boca, Lucas Blondel, sufri\u00f3 hoy una grave lesi\u00f3n<\/strong>&nbsp;que lo oblig\u00f3 a ser sustituido a los 19 minutos&nbsp;de juego de la victoria ante San Lorenzo&nbsp;<strong>y estar\u00e1 al menos seis meses afuera de las canchas.&nbsp;<\/strong><\/p>\n\n\n\n<p><strong>Luego del encuentro, el club emiti\u00f3 el parte medico del lateral derecho.&nbsp;<\/strong><\/p>\n\n\n\n<p>\u201cLucas Blondel:\u00a0<strong>esguince de rodilla derecha con ruptura del ligamento cruzado anterior<\/strong>. Dentro de las pr\u00f3ximas 48 hs se realizar\u00e1 resonancia magn\u00e9tica\u201d, escribieron en la cuenta oficial de Boca.<\/p>\n\n\n\n<figure class=\"wp-block-embed is-type-rich is-provider-twitter wp-block-embed-twitter\"><div class=\"wp-block-embed__wrapper\">\n<blockquote class=\"twitter-tweet\" data-width=\"550\" data-dnt=\"true\"><p lang=\"es\" dir=\"ltr\"><a href=\"https:\/\/twitter.com\/hashtag\/ParteM%C3%A9dico?src=hash&amp;ref_src=twsrc%5Etfw\">#ParteM\u00e9dico<\/a><br><br>&#8211; Lucas Blondel: esguince de rodilla derecha con ruptura del ligamento cruzado anterior. Dentro de las pr\u00f3ximas 48 hs se realizar\u00e1 resonancia magn\u00e9tica. <br><br>&#8211; Edinson Cavani: sobrecarga isquiotibial izquierdo.<br><br>&#8211; Marcos Rojo: traumatismo tobillo izquierdo.<br><br>Depto.\u2026 <a href=\"https:\/\/t.co\/CAmhrSHHNe\">pic.twitter.com\/CAmhrSHHNe<\/a><\/p>&mdash; Boca Juniors (@BocaJrsOficial) <a href=\"https:\/\/twitter.com\/BocaJrsOficial\/status\/1774204185178722734?ref_src=twsrc%5Etfw\">March 30, 2024<\/a><\/blockquote><script async src=\"https:\/\/platform.twitter.com\/widgets.js\" charset=\"utf-8\"><\/script>\n<\/div><\/figure>\n\n\n\n<p>En un partido trascendental para clasificar a los playoffs del certamen,&nbsp;<strong>Boca empez\u00f3 perdiendo por el gol del paraguayo Adam Bareiro<\/strong>&nbsp;y, diez minutos despu\u00e9s,&nbsp;<strong>el defensor Lucas Blondel le dio m\u00e1s oscuridad al inicio de la tarde para los boquenses<\/strong>&nbsp;presentes en La Bombonera.<\/p>\n\n\n\n<p>En un intento de contragolpe de San Lorenzo,<strong>\u00a0el defensor intent\u00f3 frenar la carrera del mediocampista Cristi\u00e1n Ferreira pero el ex River se sac\u00f3 de encima al jugador de Boca que hizo un mal movimiento y la rodilla se le desplaz\u00f3<\/strong>, quedando tendido en el suelo con muchas muestras de dolor.<\/p>\n\n\n\n<figure class=\"wp-block-embed is-type-rich is-provider-twitter wp-block-embed-twitter\"><div class=\"wp-block-embed__wrapper\">\n<blockquote class=\"twitter-tweet\" data-width=\"550\" data-dnt=\"true\"><p lang=\"es\" dir=\"ltr\">QUE NO SEA NADA \ud83d\ude4f<br><br>Lucas Blondel se lesion\u00f3 tras un mal movimiento y sali\u00f3 muy dolorido en Boca vs. San Lorenzo<a href=\"https:\/\/twitter.com\/hashtag\/LPFxTNTSports?src=hash&amp;ref_src=twsrc%5Etfw\">#LPFxTNTSports<\/a> <a href=\"https:\/\/t.co\/uB0Baj6jnO\">pic.twitter.com\/uB0Baj6jnO<\/a><\/p>&mdash; TNT Sports Argentina (@TNTSportsAR) <a href=\"https:\/\/twitter.com\/TNTSportsAR\/status\/1774195771488842015?ref_src=twsrc%5Etfw\">March 30, 2024<\/a><\/blockquote><script async src=\"https:\/\/platform.twitter.com\/widgets.js\" charset=\"utf-8\"><\/script>\n<\/div><\/figure>\n\n\n\n<p>Inmediatamente, los m\u00e9dicos del \u201cXeneize\u201d ingresaron al campo de juego a asistir al formado en Atl\u00e9tico de Rafaela que&nbsp;<strong>tuvo que ser sustituido por Jabes Saralegui y se retir\u00f3 en camilla del campo de juego del partido.<\/strong><\/p>\n\n\n\n<p>Finalmente, en su&nbsp;<strong>mejor momento desde su llegada a Boca a mitad del 2023<\/strong>, se confirm\u00f3 que el futbolista de 27 a\u00f1os<strong>&nbsp;sufri\u00f3 la rotura de ligamentos cruzados de la rodilla derecha y tendr\u00e1 entre seis y ocho meses de recuperaci\u00f3n<\/strong>.&nbsp;<\/p>\n\n\n\n<h3 class=\"wp-block-heading\">Cavani y Rojo, otros de los &#8220;tocados&#8221; en Boca<\/h3>\n\n\n\n<p>Uno de los cambios que m\u00e1s llam\u00f3 la atenci\u00f3n de los hinchas de Boca fue la salida de&nbsp;<strong>Edinson Cavani&nbsp;<\/strong>en el entretiempo. El parte medico arroj\u00f3 el que el delantero uruguayo tiene una \u201cSobrecarga en el isquiotibial izquierdo\u201d.&nbsp;<\/p>\n\n\n\n<p>El otro que se sum\u00f3 a esta lista fue Marcos Rojo, que sali\u00f3 sustituido por Nicol\u00e1s Valentini, por un \u201ctraumatismo en el tobillo izquierdo\u201d.<\/p>\n","protected":false},"excerpt":{"rendered":"<p>El defensor de Boca sufri\u00f3 la rotura de ligamentos cruzados de la rodilla derecha. El defensor de Boca, Lucas Blondel, sufri\u00f3 hoy una grave lesi\u00f3n&nbsp;que lo oblig\u00f3 a ser sustituido&hellip; <\/p>\n","protected":false},"author":4,"featured_media":136881,"comment_status":"closed","ping_status":"open","sticky":false,"template":"","format":"standard","meta":{"footnotes":""},"categories":[4],"tags":[],"class_list":["post-136880","post","type-post","status-publish","format-standard","has-post-thumbnail","hentry","category-deportes"],"_links":{"self":[{"href":"https:\/\/corrientesdetarde.com\/index.php\/wp-json\/wp\/v2\/posts\/136880","targetHints":{"allow":["GET"]}}],"collection":[{"href":"https:\/\/corrientesdetarde.com\/index.php\/wp-json\/wp\/v2\/posts"}],"about":[{"href":"https:\/\/corrientesdetarde.com\/index.php\/wp-json\/wp\/v2\/types\/post"}],"author":[{"embeddable":true,"href":"https:\/\/corrientesdetarde.com\/index.php\/wp-json\/wp\/v2\/users\/4"}],"replies":[{"embeddable":true,"href":"https:\/\/corrientesdetarde.com\/index.php\/wp-json\/wp\/v2\/comments?post=136880"}],"version-history":[{"count":1,"href":"https:\/\/corrientesdetarde.com\/index.php\/wp-json\/wp\/v2\/posts\/136880\/revisions"}],"predecessor-version":[{"id":136882,"href":"https:\/\/corrientesdetarde.com\/index.php\/wp-json\/wp\/v2\/posts\/136880\/revisions\/136882"}],"wp:featuredmedia":[{"embeddable":true,"href":"https:\/\/corrientesdetarde.com\/index.php\/wp-json\/wp\/v2\/media\/136881"}],"wp:attachment":[{"href":"https:\/\/corrientesdetarde.com\/index.php\/wp-json\/wp\/v2\/media?parent=136880"}],"wp:term":[{"taxonomy":"category","embeddable":true,"href":"https:\/\/corrientesdetarde.com\/index.php\/wp-json\/wp\/v2\/categories?post=136880"},{"taxonomy":"post_tag","embeddable":true,"href":"https:\/\/corrientesdetarde.com\/index.php\/wp-json\/wp\/v2\/tags?post=136880"}],"curies":[{"name":"wp","href":"https:\/\/api.w.org\/{rel}","templated":true}]}}