{"id":136914,"date":"2024-03-31T20:06:55","date_gmt":"2024-03-31T23:06:55","guid":{"rendered":"https:\/\/corrientesdetarde.com\/?p=136914"},"modified":"2024-03-31T20:07:07","modified_gmt":"2024-03-31T23:07:07","slug":"miles-de-israelies-desplegaron-una-protesta-contra-el-gobierno","status":"publish","type":"post","link":"https:\/\/corrientesdetarde.com\/index.php\/internacionales\/miles-de-israelies-desplegaron-una-protesta-contra-el-gobierno\/","title":{"rendered":"Miles de israel\u00edes desplegaron una protesta contra el gobierno."},"content":{"rendered":"\n<h2 class=\"wp-block-heading\">Unas 100.000 personas se congregaron frente al Parlamento en Jerusal\u00e9n. Reclamaron elecciones anticipadas y un acuerdo para liberar a los rehenes en manos de Hamas.<\/h2>\n\n\n\n<p>Miles de israel\u00edes se congregaron este domingo frente al edificio del Parlamento en Jerusal\u00e9n, en la mayor protesta antigubernamental desde que el pa\u00eds entr\u00f3 en guerra en octubre.<\/p>\n\n\n\n<p>Unas 100.000 personas, seg\u00fan los organizadores, protestaron contra el primer ministro,\u00a0<strong>Benjam\u00edn Netanyahu<\/strong>, y exigieron la celebraci\u00f3n de elecciones anticipadas ante su gesti\u00f3n del conflicto en Gaza, que se acerca a los seis meses.<\/p>\n\n\n\n<p>Adem\u00e1s, pidieron al gobierno llegar a un acuerdo para liberar a docenas de rehenes retenidos por Hamas en el enclave palestino.<\/p>\n\n\n\n<h2 class=\"wp-block-heading\">Familiares de rehenes se unieron a la protesta<\/h2>\n\n\n\n<p>Por primera vez, se unieron a las protestas antigubernamentales familiares de los rehenes secuestrados por Hamas en la Franja de Gaza bajo el reclamo de un acuerdo que facilite la liberaci\u00f3n de los 130 cautivos que a\u00fan permanecen en el enclave.<\/p>\n\n\n\n<p>\u201dSi no puede traerlos de vuelta, d\u00e9 un paso al costado, v\u00e1yase. Necesitamos a alguien en su lugar que s\u00ed pueda hacerlo\u201d, afirm\u00f3 durante la protesta la hija de&nbsp;<strong>Hanna Katzir<\/strong>, una de las rehenes liberadas durante la tregua de siete d\u00edas acordada entre Israel y Hamas en noviembre.<\/p>\n\n\n\n<figure class=\"wp-block-image\"><img decoding=\"async\" src=\"https:\/\/tn.com.ar\/resizer\/TF5Iko1EBOC2i8solGrRVWYW6mg=\/767x0\/smart\/filters:format(webp)\/cloudfront-us-east-1.images.arcpublishing.com\/artear\/SSO3PXUIBNHC3AQVIC5IARXSII.jfif\" alt=\"Imagen de la protesta en Jerusal\u00e9n (Foto: Reuters)\"\/><figcaption class=\"wp-element-caption\">Imagen de la protesta en Jerusal\u00e9n (Foto: Reuters)<\/figcaption><\/figure>\n\n\n\n<p>El primer ministro, en declaraciones dadas al mismo tiempo que ten\u00eda lugar la marcha, asegur\u00f3 que convocar elecciones anticipadas solo servir\u00eda para paralizar las negociaciones para liberar a los secuestrados. \u201cEl primero en agradecerlo ser\u00eda Hamas\u201d, indic\u00f3.<\/p>\n\n\n\n<p>Netanyahu garantiz\u00f3 que hace todo lo que est\u00e1 a su alcance para traer de vuelta a los rehenes, pero se\u00f1al\u00f3 que las exigencias del grupo isl\u00e1mico en las negociaciones en Doha (Qatar) \u201cson un peligro para la seguridad nacional\u201d.<\/p>\n\n\n\n<p>En tanto, el jefe de la oposici\u00f3n,<strong>&nbsp;Yair Lapid<\/strong>, critic\u00f3 la decisi\u00f3n de las autoridades de no cancelar el receso de primavera (boreal) de la Kn\u00e9set (Parlamento), que dura seis semanas y comenzar\u00e1 el pr\u00f3ximo 7 de abril. \u201dNo tenemos receso para la gente que est\u00e1 luchando en Gaza. \u00bfPor qu\u00e9 deber\u00eda la Kn\u00e9set irse de vacaciones en un momento as\u00ed?\u201d, dijo Lapid durante un discurso en la protesta.<\/p>\n\n\n\n<p>La movilizaci\u00f3n se prolongar\u00e1 durante cuatro d\u00edas, ya que los manifestantes planean instalarse en tiendas de campa\u00f1a frente al Parlamento.<\/p>\n\n\n\n<h2 class=\"wp-block-heading\">Qui\u00e9nes participaron de la protesta contra Benjamin Netanyahu<\/h2>\n\n\n\n<p>La protesta aglutin\u00f3 a diversos movimientos y grupos israel\u00edes para pedir la dimisi\u00f3n del mandatario. Entre ellos, decenas de soldados en la reserva del Ej\u00e9rcito que se congregaron en el barrio ultraortodoxo de Mea Shearim, donde pidieron que se reclute a los estudiantes de yeshiv\u00e1 (escuelas talm\u00fadicas). Desde hace d\u00e9cadas, los j\u00f3venes ultraortodoxos en edad militar evitan ser reclutados si estaban inscritos en colegios donde estudian la Tor\u00e1 y, a trav\u00e9s de extensiones anuales, consegu\u00edan llegar hasta los 26 a\u00f1os, actual edad de exenci\u00f3n militar, sin tener que alistarse.<\/p>\n\n\n\n<p>Pero una disposici\u00f3n gubernamental, aprobada en junio de 2023, expira en medianoche de este domingo, con lo que los ultraortodoxos pueden comenzar a ser reclutados desde el lunes.<\/p>\n\n\n\n<figure class=\"wp-block-image\"><img decoding=\"async\" src=\"https:\/\/tn.com.ar\/resizer\/9qiQb1SwxTushADycKDJjnryUkc=\/767x0\/smart\/filters:format(webp)\/cloudfront-us-east-1.images.arcpublishing.com\/artear\/3TWBO7UYQJGIBKNFHL4SDS4OBU.jfif\" alt=\"Las protestas en Jerusal\u00e9n incluyeron incidentes (Foto: Reuters)\"\/><figcaption class=\"wp-element-caption\">Las protestas en Jerusal\u00e9n incluyeron incidentes (Foto: Reuters)<\/figcaption><\/figure>\n\n\n\n<p>Tras la movilizaci\u00f3n masiva de 287.000 reservistas para la guerra en Gaza, que ya dura casi seis meses, adem\u00e1s del despliegue de batallones de soldados tanto en la frontera norte con el L\u00edbano como en el territorio ocupado de Cisjordania, muchos israel\u00edes piden a Netanyahu que todos los j\u00f3venes en Israel cumplan con su \u201cdeber militar\u201d.<\/p>\n\n\n\n<p>Pero la actual coalici\u00f3n de su gobierno depende del apoyo vital de los partidos ultraortodoxos -Shas y Juda\u00edsmo Unido de la Tor\u00e1- contrarios a enlistarse y con la capacidad de hacer caer el Ejecutivo si son obligados a ello.<\/p>\n\n\n\n<p>La fiscal general de Israel, Gali Baharav-Miara, mand\u00f3 hoy cartas a los Ministerios de Defensa y Educaci\u00f3n para pedirles que comiencen a trabajar en el plan de reclutamiento de ultraortodoxos a partir del lunes.<\/p>\n\n\n\n<p>Netanyahu confi\u00f3 hoy en que el problema del reclutamiento de ultraortodoxos se resolver\u00e1 con un acuerdo entre los grupos pol\u00edticos.<\/p>\n\n\n\n<p>El primer ministro se enfrentar\u00e1 este domingo a una operaci\u00f3n por una hernia que le fue descubierta el s\u00e1bado, pero asegur\u00f3 que volver\u00e1 a estar en acci\u00f3n muy pronto.<\/p>\n\n\n\n<p>(Con&nbsp;<em>EFE<\/em>&nbsp;y&nbsp;<em>AP<\/em>)<\/p>\n","protected":false},"excerpt":{"rendered":"<p>Unas 100.000 personas se congregaron frente al Parlamento en Jerusal\u00e9n. Reclamaron elecciones anticipadas y un acuerdo para liberar a los rehenes en manos de Hamas. Miles de israel\u00edes se congregaron&hellip; <\/p>\n","protected":false},"author":6,"featured_media":136916,"comment_status":"closed","ping_status":"open","sticky":false,"template":"","format":"standard","meta":{"footnotes":""},"categories":[11],"tags":[],"class_list":["post-136914","post","type-post","status-publish","format-standard","has-post-thumbnail","hentry","category-internacionales"],"_links":{"self":[{"href":"https:\/\/corrientesdetarde.com\/index.php\/wp-json\/wp\/v2\/posts\/136914","targetHints":{"allow":["GET"]}}],"collection":[{"href":"https:\/\/corrientesdetarde.com\/index.php\/wp-json\/wp\/v2\/posts"}],"about":[{"href":"https:\/\/corrientesdetarde.com\/index.php\/wp-json\/wp\/v2\/types\/post"}],"author":[{"embeddable":true,"href":"https:\/\/corrientesdetarde.com\/index.php\/wp-json\/wp\/v2\/users\/6"}],"replies":[{"embeddable":true,"href":"https:\/\/corrientesdetarde.com\/index.php\/wp-json\/wp\/v2\/comments?post=136914"}],"version-history":[{"count":1,"href":"https:\/\/corrientesdetarde.com\/index.php\/wp-json\/wp\/v2\/posts\/136914\/revisions"}],"predecessor-version":[{"id":136919,"href":"https:\/\/corrientesdetarde.com\/index.php\/wp-json\/wp\/v2\/posts\/136914\/revisions\/136919"}],"wp:featuredmedia":[{"embeddable":true,"href":"https:\/\/corrientesdetarde.com\/index.php\/wp-json\/wp\/v2\/media\/136916"}],"wp:attachment":[{"href":"https:\/\/corrientesdetarde.com\/index.php\/wp-json\/wp\/v2\/media?parent=136914"}],"wp:term":[{"taxonomy":"category","embeddable":true,"href":"https:\/\/corrientesdetarde.com\/index.php\/wp-json\/wp\/v2\/categories?post=136914"},{"taxonomy":"post_tag","embeddable":true,"href":"https:\/\/corrientesdetarde.com\/index.php\/wp-json\/wp\/v2\/tags?post=136914"}],"curies":[{"name":"wp","href":"https:\/\/api.w.org\/{rel}","templated":true}]}}