{"id":136968,"date":"2024-03-31T21:49:41","date_gmt":"2024-04-01T00:49:41","guid":{"rendered":"https:\/\/corrientesdetarde.com\/?p=136968"},"modified":"2024-03-31T21:49:53","modified_gmt":"2024-04-01T00:49:53","slug":"un-joven-quedo-detenido-tras-protagonizar-una-pelea-en-la-costanera","status":"publish","type":"post","link":"https:\/\/corrientesdetarde.com\/index.php\/policiales\/un-joven-quedo-detenido-tras-protagonizar-una-pelea-en-la-costanera\/","title":{"rendered":"Un joven qued\u00f3 detenido tras protagonizar una pelea en la costanera."},"content":{"rendered":"\n<h2 class=\"wp-block-heading\">El hecho fue registrado en la ma\u00f1ana de este domingo en la capital correntina.<\/h2>\n\n\n\n<p>Un joven qued\u00f3 detenido tras protagonizar una pelea en la costanera de la ciudad de Corrientes, informaron este domingo fuentes policiales.&nbsp;<\/p>\n\n\n\n<p>Efectivos de la Polic\u00eda de Corrientes fueron alertados de que en calle Costanera y Salta se hab\u00eda registrado un enfrentamiento entre dos personas y que despu\u00e9s,\u00a0ambos\u00a0huyeron en diferentes direcciones.<\/p>\n\n\n\n<p>Por tal motivo, los efectivos iniciaron un recorrido por la zona logrando localizar y demorar a un hombre de 28 a\u00f1os de edad, quien al notar la presencia policial se neg\u00f3 a identificarse.&nbsp;<\/p>\n\n\n\n<p>Momento m\u00e1s tarde, pudieron constatar que el sujeto registraba antecedentes policiales por delitos contra la propiedad.<\/p>\n\n\n\n<p>El demorado fue trasladado a la Comisar\u00eda Primera urbana, donde se prosigue con los tr\u00e1mites del caso.<\/p>\n\n\n\n<p><\/p>\n\n\n\n<p><em>Fuente: El Litoral.<\/em><\/p>\n","protected":false},"excerpt":{"rendered":"<p>El hecho fue registrado en la ma\u00f1ana de este domingo en la capital correntina. Un joven qued\u00f3 detenido tras protagonizar una pelea en la costanera de la ciudad de Corrientes,&hellip; <\/p>\n","protected":false},"author":6,"featured_media":136969,"comment_status":"closed","ping_status":"open","sticky":false,"template":"","format":"standard","meta":{"footnotes":""},"categories":[33],"tags":[],"class_list":["post-136968","post","type-post","status-publish","format-standard","has-post-thumbnail","hentry","category-policiales"],"_links":{"self":[{"href":"https:\/\/corrientesdetarde.com\/index.php\/wp-json\/wp\/v2\/posts\/136968","targetHints":{"allow":["GET"]}}],"collection":[{"href":"https:\/\/corrientesdetarde.com\/index.php\/wp-json\/wp\/v2\/posts"}],"about":[{"href":"https:\/\/corrientesdetarde.com\/index.php\/wp-json\/wp\/v2\/types\/post"}],"author":[{"embeddable":true,"href":"https:\/\/corrientesdetarde.com\/index.php\/wp-json\/wp\/v2\/users\/6"}],"replies":[{"embeddable":true,"href":"https:\/\/corrientesdetarde.com\/index.php\/wp-json\/wp\/v2\/comments?post=136968"}],"version-history":[{"count":1,"href":"https:\/\/corrientesdetarde.com\/index.php\/wp-json\/wp\/v2\/posts\/136968\/revisions"}],"predecessor-version":[{"id":136970,"href":"https:\/\/corrientesdetarde.com\/index.php\/wp-json\/wp\/v2\/posts\/136968\/revisions\/136970"}],"wp:featuredmedia":[{"embeddable":true,"href":"https:\/\/corrientesdetarde.com\/index.php\/wp-json\/wp\/v2\/media\/136969"}],"wp:attachment":[{"href":"https:\/\/corrientesdetarde.com\/index.php\/wp-json\/wp\/v2\/media?parent=136968"}],"wp:term":[{"taxonomy":"category","embeddable":true,"href":"https:\/\/corrientesdetarde.com\/index.php\/wp-json\/wp\/v2\/categories?post=136968"},{"taxonomy":"post_tag","embeddable":true,"href":"https:\/\/corrientesdetarde.com\/index.php\/wp-json\/wp\/v2\/tags?post=136968"}],"curies":[{"name":"wp","href":"https:\/\/api.w.org\/{rel}","templated":true}]}}