{"id":136971,"date":"2024-04-01T08:00:30","date_gmt":"2024-04-01T11:00:30","guid":{"rendered":"https:\/\/corrientesdetarde.com\/?p=136971"},"modified":"2024-04-01T08:00:42","modified_gmt":"2024-04-01T11:00:42","slug":"las-ferias-de-la-ciudad-inician-abril-con-un-nuevo-recorrido-por-los-espacios-publicos","status":"publish","type":"post","link":"https:\/\/corrientesdetarde.com\/index.php\/sociales\/las-ferias-de-la-ciudad-inician-abril-con-un-nuevo-recorrido-por-los-espacios-publicos\/","title":{"rendered":"Las Ferias de la Ciudad inician abril con un nuevo recorrido por los espacios p\u00fablicos"},"content":{"rendered":"\n<p><em>Los feriantes de frutas, verduras, panificados caseros, dulces regionales, artesan\u00edas y plantas ornamentales se instalar\u00e1n nuevamente la pr\u00f3xima semana en distintas plazas, paseos y parques. Como es habitual, con una variada oferta de productos de calidad y precios convenientes<\/em>.<\/p>\n\n\n\n<p>Organizado por la Municipalidad de Corrientes, las Ferias de la Ciudad comenzar\u00e1n abril con un nuevo recorrido semanal por plazas, parques y espacios verdes de la capital.<br><br>Los vecinos podr\u00e1n conseguir productos de calidad a precios convenientes en el marco de una propuesta que se realiza con la coordinaci\u00f3n de la Secretar\u00eda de Desarrollo Econ\u00f3mico municipal, a trav\u00e9s de la Subsecretar\u00eda de Econom\u00eda Social.<br><br>Frutas y verduras, productos panificados caseros, dulces regionales, artesan\u00edas, y plantas ornamentales son los art\u00edculos ofrecidos en las ferias itinerantes.<br><br>El recorrido de la semana entrante, en el inicio del cuarto mes del a\u00f1o, comenzar\u00e1 el lunes 1 en la plaza Rep\u00fablica del Per\u00fa del barrio Mil Viviendas (Patagonia y La Paz), en la plazoleta Los Inmigrantes (Sarmiento y Ac. Correa) del barrio Ber\u00f3n de Astrada, y en el Paseo Arazaty.<br><br>El martes 2, de 8 a 13, los puestos estar\u00e1n en la plaza Torrent (San Lorenzo y Bol\u00edvar), y en la plaza Los Amigos (Avenida Pujol y Brasil) del barrio Libertad.<br><br>En el mismo horario, el mi\u00e9rcoles 3 desembarcar\u00e1n en la plaza Torrent (San Lorenzo y Bol\u00edvar) del barrio Centro.<br><br>En tanto que el jueves 4, los puesteros se ubicar\u00e1n en plaza La Cruz (Salta y Belgrano) en el barrio del mismo nombre.<br><br>El viernes 5, llegar\u00e1n al barrio Mil Viviendas (plaza Rep\u00fablica del Per\u00fa, ubicada en Patagonia y La Paz); al barrio Ber\u00f3n de Astrada (plazoleta Los Inmigrantes, en Ac. Fern\u00e1ndez y Sarmiento); y al barrio San Ger\u00f3nimo (Paseo Los Eucaliptus, avenida Laprida y avenida Alfons\u00edn).<br><br>El recorrido continuar\u00e1 el s\u00e1bado 6, de 8 a 13, por la calle Pil\u00fa G\u00f3mez y Jos\u00e9 Rol\u00f3n, en el parque Mitre, mientras que en el Paseo Arazaty estar\u00e1n de 10 a 22.<br><br>El cierre de la semana ser\u00e1 el domingo 7, en el horario extendido de 10 a 22, en el Paseo Arazaty. All\u00ed los puesteros ofrecer\u00e1n plantas ornamentales, ofertas gastron\u00f3micas, artesan\u00edas y manualidades.<br><br>CRONOGRAMA&nbsp;<br><br>Lunes 1 de abril: plaza Rep\u00fablica del Per\u00fa (Mil Viviendas), plazoleta Los Inmigrantes (Ber\u00f3n de Astrada) y Paseo Arazaty<br><br>Martes 2 de abril: plazas Torrent (barrio Centro), y plaza Los Amigos (barrio Libertad)<br><br>Mi\u00e9rcoles 3 de abril: plaza Torrent (barrio Centro)<br><br>Jueves 4 de abril: plaza La Cruz (barrio La Cruz)&nbsp;<br><br>Viernes 5 de abril: plaza Rep\u00fablica del Per\u00fa (barrio Mil Viviendas), plazoleta Los Inmigrantes (barrio Ber\u00f3n de Astrada); y Paseo Los Eucaliptus (barrio San Ger\u00f3nimo).<br><br>S\u00e1bado 6 de abril: parque Mitre y Paseo Arazaty<br><br>Domingo 7 de abril: Paseo Arazaty<\/p>\n","protected":false},"excerpt":{"rendered":"<p>Los feriantes de frutas, verduras, panificados caseros, dulces regionales, artesan\u00edas y plantas ornamentales se instalar\u00e1n nuevamente la pr\u00f3xima semana en distintas plazas, paseos y parques. Como es habitual, con una&hellip; <\/p>\n","protected":false},"author":3,"featured_media":136972,"comment_status":"closed","ping_status":"open","sticky":false,"template":"","format":"standard","meta":{"footnotes":""},"categories":[17],"tags":[],"class_list":["post-136971","post","type-post","status-publish","format-standard","has-post-thumbnail","hentry","category-sociales"],"_links":{"self":[{"href":"https:\/\/corrientesdetarde.com\/index.php\/wp-json\/wp\/v2\/posts\/136971","targetHints":{"allow":["GET"]}}],"collection":[{"href":"https:\/\/corrientesdetarde.com\/index.php\/wp-json\/wp\/v2\/posts"}],"about":[{"href":"https:\/\/corrientesdetarde.com\/index.php\/wp-json\/wp\/v2\/types\/post"}],"author":[{"embeddable":true,"href":"https:\/\/corrientesdetarde.com\/index.php\/wp-json\/wp\/v2\/users\/3"}],"replies":[{"embeddable":true,"href":"https:\/\/corrientesdetarde.com\/index.php\/wp-json\/wp\/v2\/comments?post=136971"}],"version-history":[{"count":1,"href":"https:\/\/corrientesdetarde.com\/index.php\/wp-json\/wp\/v2\/posts\/136971\/revisions"}],"predecessor-version":[{"id":136988,"href":"https:\/\/corrientesdetarde.com\/index.php\/wp-json\/wp\/v2\/posts\/136971\/revisions\/136988"}],"wp:featuredmedia":[{"embeddable":true,"href":"https:\/\/corrientesdetarde.com\/index.php\/wp-json\/wp\/v2\/media\/136972"}],"wp:attachment":[{"href":"https:\/\/corrientesdetarde.com\/index.php\/wp-json\/wp\/v2\/media?parent=136971"}],"wp:term":[{"taxonomy":"category","embeddable":true,"href":"https:\/\/corrientesdetarde.com\/index.php\/wp-json\/wp\/v2\/categories?post=136971"},{"taxonomy":"post_tag","embeddable":true,"href":"https:\/\/corrientesdetarde.com\/index.php\/wp-json\/wp\/v2\/tags?post=136971"}],"curies":[{"name":"wp","href":"https:\/\/api.w.org\/{rel}","templated":true}]}}