{"id":13710,"date":"2022-10-23T19:49:27","date_gmt":"2022-10-23T22:49:27","guid":{"rendered":"https:\/\/corrientesdetarde.com\/?p=13710"},"modified":"2022-10-23T19:49:31","modified_gmt":"2022-10-23T22:49:31","slug":"realizaron-una-capacitacion-en-policia-turistica","status":"publish","type":"post","link":"https:\/\/corrientesdetarde.com\/index.php\/informacion-general\/realizaron-una-capacitacion-en-policia-turistica\/","title":{"rendered":"Realizaron una capacitaci\u00f3n en polic\u00eda tur\u00edstica."},"content":{"rendered":"\n<h2 class=\"wp-block-heading\">Esta capacitaci\u00f3n redunda en beneficio de los ciudadanos de Corrientes y de los turistas que nos visitan, ya que contar\u00e1n con polic\u00edas entrenados y capacitados en el \u00e1rea de turismo y con perspectiva de g\u00e9nero y diversidad.<\/h2>\n\n\n\n<p>Siguiendo directivas del Superior Gobierno de la Provincia de Corrientes, Ministerio de Seguridad, Subsecretaria de Seguridad, Comando Superior Policial , Direcci\u00f3n General de Personal y Formaci\u00f3n Policial.<\/p>\n\n\n\n<p>En forma conjunta con el Ministerio de Turismo de la Provincia y la Secretaria de Turismo de la Municipalidad de la Ciudad de Corrientes, en el Instituto Superior de Formaci\u00f3n Policial se llev\u00f3 adelante la Jornada Destino de Calidad &#8211; Seguridad Turistica, aprobado por Resoluci\u00f3n JP N\u00b0 1067\/22. <\/p>\n\n\n\n<p>Estuvieron presentes por la Polic\u00eda de Corrientes, el director Gral. de Personal y Formaci\u00f3n Policial, el Crio. Gral. Lic. Emilio Rodr\u00edguez, el Director del Instituto Superior de Formaci\u00f3n Policial, Crio. My. Lic. Alfredo Ricardo Delgado, integrantes del \u00c1rea de Capacitaci\u00f3n Interna y el Jefe de la Polic\u00eda Turistica del \u00c1rea Capital, SubCrio. Lic. Daniel Eloy \u00a0Sandoval. Por el Ministerio de Turismo, la Directora de Turismo, Lic. Mercedes Alegre. Por la Secretaria de Turismo de la Municipalidad de la Ciudad de Corrientes, el Subsecretario H\u00e9ctor D\u00e1vila y equipo de capacitadores. Participaron de la jornada integrantes de la Divisi\u00f3n Polic\u00eda Tur\u00edstica y personal policial con injerencia en los circuitos tur\u00edsticos de la Ciudad. <\/p>\n\n\n\n<p>Se abordaron los siguientes temas: actividades tur\u00edsticas, calendario tur\u00edstico de la Ciudad de Corrientes, corredores tur\u00edsticos provinciales y de la Ciudad Capital.<\/p>\n\n\n\n<p>Esta capacitaci\u00f3n redunda en beneficio de los ciudadanos de Corrientes y de los turistas que nos visitan, ya que contar\u00e1n con polic\u00edas entrenados y capacitados en el \u00e1rea de turismo y con perspectiva de g\u00e9nero y diversidad.<\/p>\n","protected":false},"excerpt":{"rendered":"<p>Esta capacitaci\u00f3n redunda en beneficio de los ciudadanos de Corrientes y de los turistas que nos visitan, ya que contar\u00e1n con polic\u00edas entrenados y capacitados en el \u00e1rea de turismo&hellip; <\/p>\n","protected":false},"author":6,"featured_media":13714,"comment_status":"closed","ping_status":"open","sticky":false,"template":"","format":"standard","meta":{"footnotes":""},"categories":[1],"tags":[],"class_list":["post-13710","post","type-post","status-publish","format-standard","has-post-thumbnail","hentry","category-informacion-general"],"_links":{"self":[{"href":"https:\/\/corrientesdetarde.com\/index.php\/wp-json\/wp\/v2\/posts\/13710","targetHints":{"allow":["GET"]}}],"collection":[{"href":"https:\/\/corrientesdetarde.com\/index.php\/wp-json\/wp\/v2\/posts"}],"about":[{"href":"https:\/\/corrientesdetarde.com\/index.php\/wp-json\/wp\/v2\/types\/post"}],"author":[{"embeddable":true,"href":"https:\/\/corrientesdetarde.com\/index.php\/wp-json\/wp\/v2\/users\/6"}],"replies":[{"embeddable":true,"href":"https:\/\/corrientesdetarde.com\/index.php\/wp-json\/wp\/v2\/comments?post=13710"}],"version-history":[{"count":1,"href":"https:\/\/corrientesdetarde.com\/index.php\/wp-json\/wp\/v2\/posts\/13710\/revisions"}],"predecessor-version":[{"id":13715,"href":"https:\/\/corrientesdetarde.com\/index.php\/wp-json\/wp\/v2\/posts\/13710\/revisions\/13715"}],"wp:featuredmedia":[{"embeddable":true,"href":"https:\/\/corrientesdetarde.com\/index.php\/wp-json\/wp\/v2\/media\/13714"}],"wp:attachment":[{"href":"https:\/\/corrientesdetarde.com\/index.php\/wp-json\/wp\/v2\/media?parent=13710"}],"wp:term":[{"taxonomy":"category","embeddable":true,"href":"https:\/\/corrientesdetarde.com\/index.php\/wp-json\/wp\/v2\/categories?post=13710"},{"taxonomy":"post_tag","embeddable":true,"href":"https:\/\/corrientesdetarde.com\/index.php\/wp-json\/wp\/v2\/tags?post=13710"}],"curies":[{"name":"wp","href":"https:\/\/api.w.org\/{rel}","templated":true}]}}