{"id":137127,"date":"2024-04-01T19:26:25","date_gmt":"2024-04-01T22:26:25","guid":{"rendered":"https:\/\/corrientesdetarde.com\/?p=137127"},"modified":"2024-04-01T19:26:29","modified_gmt":"2024-04-01T22:26:29","slug":"impulsan-un-proyecto-continental-para-fortalecer-la-seguridad-alimentaria-escolar-con-cultivos-autoctonos","status":"publish","type":"post","link":"https:\/\/corrientesdetarde.com\/index.php\/internacionales\/impulsan-un-proyecto-continental-para-fortalecer-la-seguridad-alimentaria-escolar-con-cultivos-autoctonos\/","title":{"rendered":"Impulsan un proyecto continental para fortalecer la seguridad alimentaria escolar con cultivos aut\u00f3ctonos."},"content":{"rendered":"\n<h2 class=\"wp-block-heading\">Estados Unidos anunci\u00f3 una nueva colaboraci\u00f3n con el Instituto Interamericano de Cooperaci\u00f3n para la Agricultura para ampliar el programa Visi\u00f3n para Cultivos y Suelos Adaptados en el hemisferio occidental.<\/h2>\n\n\n\n<p><strong>La\u00a0seguridad alimentaria\u00a0es una inquietud creciente en el mundo y\u00a0<\/strong>el<strong>\u00a0Instituto Interamericano de Cooperaci\u00f3n para la Agricultura<\/strong>(IICA), dirigido pror el argentino Manuel Otero, impulsa constantemente acciones. En ese sentido, durante el reciente Di\u00e1logo Econ\u00f3mico de Alto Nivel realizado en Guatemala,\u00a0<strong>Estados Unidos<\/strong>\u00a0anunci\u00f3 una nueva colaboraci\u00f3n con el IICA para ampliar el programa\u00a0<strong>Visi\u00f3n para Cultivos y Suelos Adaptados<\/strong>\u00a0(VACS) en el hemisferio occidental.<\/p>\n\n\n\n<p>Esta iniciativa comenzar\u00e1 en<strong>\u00a0Guatemala<\/strong>, a trav\u00e9s de la elaboraci\u00f3n de estrategias para sistemas alimentarios m\u00e1s resilientes. En ese sentido, Jos\u00e9 Fern\u00e1ndez, subsecretario de Crecimiento Econ\u00f3mico, Energ\u00eda y Medio Ambiente del Departamento de Estado de Estados Unidos, destac\u00f3 la importancia del trabajo conjunto entre gobiernos, sector privado, sociedad civil y comunidades para abordar la inseguridad alimentaria en Am\u00e9rica Central.<\/p>\n\n\n\n<p>En tanto, la colaboraci\u00f3n entre\u00a0<strong>Estados Unidos, el IICA y actores guatemaltecos<\/strong>\u00a0se centrar\u00e1 en el desarrollo de una estrategia integral para construir\u00a0<strong>sistemas alimentarios m\u00e1s resilientes<\/strong>. Esto incluye el acceso a diversas variedades de cultivos adaptables al clima y la promoci\u00f3n de pr\u00e1cticas agr\u00edcolas sostenibles para el desarrollo de suelos saludables y f\u00e9rtiles.<\/p>\n\n\n\n<p>Asimismo, se espera que esta iniciativa<strong>&nbsp;identifique \u00e1reas prioritarias para futuras inversiones<\/strong>&nbsp;y movilizaci\u00f3n de recursos p\u00fablicos y privados en Guatemala, con el objetivo de alcanzar los objetivos del programa VACS.<\/p>\n\n\n\n<figure class=\"wp-block-image\"><img decoding=\"async\" src=\"https:\/\/tn.com.ar\/resizer\/BlnGh_jJfU0aYJf7g9IiqLF6UFg=\/767x0\/smart\/filters:format(webp)\/cloudfront-us-east-1.images.arcpublishing.com\/artear\/EL3QVRGFTZEENDRX4FVPDZFX4A.jpeg\" alt=\"La alianza para la implementaci\u00f3n de la iniciativa VACS en Guatemala identificar\u00e1 \u00e1reas para futuras inversiones y movilizaci\u00f3n de recursos tanto del sector p\u00fablico como privado. (Foto: IICA).\"\/><figcaption class=\"wp-element-caption\">La alianza para la implementaci\u00f3n de la iniciativa VACS en Guatemala identificar\u00e1 \u00e1reas para futuras inversiones y movilizaci\u00f3n de recursos tanto del sector p\u00fablico como privado. (Foto: IICA).<\/figcaption><\/figure>\n\n\n\n<h2 class=\"wp-block-heading\"><strong>\u201cLa seguridad alimentaria escolar es clave para el bienestar\u201d<\/strong><\/h2>\n\n\n\n<p>En este contexto, la implementaci\u00f3n de la iniciativa VACS en Guatemala representa un paso significativo hacia la<strong>&nbsp;seguridad alimentaria sostenible en la regi\u00f3n<\/strong>, se\u00f1alaron. Durante m\u00e1s de 80 a\u00f1os, el IICA y Estados Unidos colaboraron en el fortalecimiento de los sistemas agroalimentarios en el hemisferio occidental.<\/p>\n\n\n\n<p>Su enfoque estuvo en la prevenci\u00f3n y erradicaci\u00f3n de enfermedades, as\u00ed como en abordar los efectos del cambio clim\u00e1tico en la producci\u00f3n de alimentos. Esta larga trayectoria de trabajo conjunto sent\u00f3 las bases para iniciativas como VACS, que buscan abordar la inseguridad alimentaria a nivel global, explicaron.<\/p>\n\n\n\n<p>En tanto, lanzada inicialmente en \u00c1frica en febrero de 2023, la iniciativa&nbsp;<strong>VACS evolucion\u00f3 para convertirse en un movimiento de inter\u00e9s global<\/strong>. Recibi\u00f3 el apoyo y compromiso p\u00fablico de pa\u00edses donantes, del sector privado y de naciones dentro del Grupo de los Siete (G7), liderado por Italia. VACS despert\u00f3 un amplio inter\u00e9s y se integr\u00f3 en programas globales como Feed the Future, respaldado por el Gobierno de EE. UU., en su esfuerzo por reducir el hambre en el mundo, destacaron.<\/p>\n\n\n\n<p>A su vez, Fern\u00e1ndez, elogi\u00f3 una nueva alianza que respaldar\u00e1 la iniciativa VACS. Esta alianza, firmada por la multinacional estadounidense Cargill y el Grupo Consultivo para la Investigaci\u00f3n Agr\u00edcola Internacional (CGIAR), tiene como objetivo \u201c<strong>fortalecer la investigaci\u00f3n agr\u00edcola en todo el mundo\u201d<\/strong>.<\/p>\n\n\n\n<figure class=\"wp-block-image\"><img decoding=\"async\" src=\"https:\/\/tn.com.ar\/resizer\/_469ksM6tZXWpzIv90PplBxKuak=\/767x0\/smart\/filters:format(webp)\/cloudfront-us-east-1.images.arcpublishing.com\/artear\/FJVAOYMN7JFVFO77Q7GU5QMIVQ.jpg\" alt=\"La iniciativa integrar\u00e1 cultivos aut\u00f3ctonos, biofortificados y ricos en nutrientes en los programas de alimentaci\u00f3n escolar, combin\u00e1ndolos con productos locales. (Foto: Adobe Stock).\"\/><figcaption class=\"wp-element-caption\">La iniciativa integrar\u00e1 cultivos aut\u00f3ctonos, biofortificados y ricos en nutrientes en los programas de alimentaci\u00f3n escolar, combin\u00e1ndolos con productos locales. (Foto: Adobe Stock).<\/figcaption><\/figure>\n\n\n\n<p>Finalmente, esta nueva alianza entre Estados Unidos, el IICA, y otros actores clave tiene como objetivo integrar&nbsp;<strong>cultivos aut\u00f3ctonos, biofortificados y ricos en nutrientes en los programas de alimentaci\u00f3n escolar&nbsp;<\/strong>en Guatemala.<\/p>\n\n\n\n<p>Se busca proporcionar m\u00e1s de 200.000 comidas sostenibles y nutritivas a escolares guatemaltecos, aprovechando los productos locales y promoviendo la diversidad alimentaria y la seguridad nutricional en las escuelas.<\/p>\n\n\n\n<p><\/p>\n\n\n\n<p><em>Fuente: Todo Noticias.<\/em><\/p>\n","protected":false},"excerpt":{"rendered":"<p>Estados Unidos anunci\u00f3 una nueva colaboraci\u00f3n con el Instituto Interamericano de Cooperaci\u00f3n para la Agricultura para ampliar el programa Visi\u00f3n para Cultivos y Suelos Adaptados en el hemisferio occidental. La\u00a0seguridad&hellip; <\/p>\n","protected":false},"author":6,"featured_media":137128,"comment_status":"closed","ping_status":"open","sticky":false,"template":"","format":"standard","meta":{"footnotes":""},"categories":[11],"tags":[],"class_list":["post-137127","post","type-post","status-publish","format-standard","has-post-thumbnail","hentry","category-internacionales"],"_links":{"self":[{"href":"https:\/\/corrientesdetarde.com\/index.php\/wp-json\/wp\/v2\/posts\/137127","targetHints":{"allow":["GET"]}}],"collection":[{"href":"https:\/\/corrientesdetarde.com\/index.php\/wp-json\/wp\/v2\/posts"}],"about":[{"href":"https:\/\/corrientesdetarde.com\/index.php\/wp-json\/wp\/v2\/types\/post"}],"author":[{"embeddable":true,"href":"https:\/\/corrientesdetarde.com\/index.php\/wp-json\/wp\/v2\/users\/6"}],"replies":[{"embeddable":true,"href":"https:\/\/corrientesdetarde.com\/index.php\/wp-json\/wp\/v2\/comments?post=137127"}],"version-history":[{"count":1,"href":"https:\/\/corrientesdetarde.com\/index.php\/wp-json\/wp\/v2\/posts\/137127\/revisions"}],"predecessor-version":[{"id":137129,"href":"https:\/\/corrientesdetarde.com\/index.php\/wp-json\/wp\/v2\/posts\/137127\/revisions\/137129"}],"wp:featuredmedia":[{"embeddable":true,"href":"https:\/\/corrientesdetarde.com\/index.php\/wp-json\/wp\/v2\/media\/137128"}],"wp:attachment":[{"href":"https:\/\/corrientesdetarde.com\/index.php\/wp-json\/wp\/v2\/media?parent=137127"}],"wp:term":[{"taxonomy":"category","embeddable":true,"href":"https:\/\/corrientesdetarde.com\/index.php\/wp-json\/wp\/v2\/categories?post=137127"},{"taxonomy":"post_tag","embeddable":true,"href":"https:\/\/corrientesdetarde.com\/index.php\/wp-json\/wp\/v2\/tags?post=137127"}],"curies":[{"name":"wp","href":"https:\/\/api.w.org\/{rel}","templated":true}]}}