{"id":137133,"date":"2024-04-01T20:14:19","date_gmt":"2024-04-01T23:14:19","guid":{"rendered":"https:\/\/corrientesdetarde.com\/?p=137133"},"modified":"2024-04-01T20:14:23","modified_gmt":"2024-04-01T23:14:23","slug":"voces-de-malvinas-un-proyecto-federal-en-el-que-participa-la-unne","status":"publish","type":"post","link":"https:\/\/corrientesdetarde.com\/index.php\/informacion-general\/voces-de-malvinas-un-proyecto-federal-en-el-que-participa-la-unne\/","title":{"rendered":"&#8220;Voces de Malvinas&#8221;, un proyecto federal en el que participa la UNNE."},"content":{"rendered":"\n<h2 class=\"wp-block-heading\">Por medio de la realizaci\u00f3n de entrevistas a combatientes de la guerra de Malvinas oriundos de la regi\u00f3n nordeste, la Universidad Nacional del Nordeste participa en el proyecto federal\u00a0&#8220;Voces de Malvinas&#8221; que propicia la conformaci\u00f3n de un archivo de las memorias de los protagonistas argentinos de la guerra de 1982.\u00a0<\/h2>\n\n\n\n<p>&#8220;Voces de Malvinas&#8221; es un proyecto coordinado por el Observatorio Malvinas de la Universidad Nacional de Lan\u00fas, e involucra a instituciones educativas y organizaciones sociales de distintas regiones de Argentina.<\/p>\n\n\n\n<p>Es una obra colectiva, abierta y federal que se propone recuperar y articular las m\u00faltiples y heterog\u00e9neas memorias de la guerra y la posguerra de veteranos de todas las provincias argentinas.<\/p>\n\n\n\n<p>Una de las instituciones participantes es la Universidad Nacional del Nordeste (UNNE), a trav\u00e9s del Centro de Estudios Etnogr\u00e1ficos en Co-Labor (CETCO) de la Facultad de Humanidades, y la colaboraci\u00f3n del \u00c1rea Audiovisual de la Coordinaci\u00f3n General de Comunicaci\u00f3n Institucional del Rectorado.<\/p>\n\n\n\n<p>En el marco de la Conmemoraci\u00f3n por el 2 de Abril, &#8220;D\u00eda del Veterano y de los Ca\u00eddos en la Guerra de Malvinas&#8221;, UNNE Medios dialog\u00f3 con la doctora Carolina Gandulfo, la mag\u00edster Mar\u00eda Florencia Conde, la profesora Mabel Miranda y el profesor Miguel \u00c1ngel Quiroz, referentes del proyecto por parte de la UNNE.<\/p>\n\n\n\n<p>&#8220;Desde hace a\u00f1os venimos realizando investigaciones sobre el uso de la lengua guaran\u00ed y de alguna manera el tema Malvinas siempre se cruzaba en nuestro camino&#8221;.<\/p>\n\n\n\n<p>As\u00ed explican desde el CETCO la motivaci\u00f3n de aceptar la convocatoria a participar como equipo en la propuesta &#8220;Voces de Malvinas&#8221;, una iniciativa que consideran &#8220;de suma relevancia&#8221; para seguir contribuyendo a la visibilizaci\u00f3n de la causa Malvinas.<\/p>\n\n\n\n<p><strong>Primeros Avances<\/strong><\/p>\n\n\n\n<p>En el marco del proyecto &#8220;Voces de Malvinas en la UNNE&#8221; se avanz\u00f3 con las primeras entrevistas a combatientes de la provincia de Corrientes.<\/p>\n\n\n\n<p>As\u00ed, se pudieron recopilar las memorias de Ram\u00f3n Alegre, oriundo de San Roque, Gabriel Monz\u00f3n, Corrientes Capital, Rufino Ram\u00edrez de la localidad de Ca\u00e1 Cat\u00ed y Francisco Aguirre de San Miguel.<\/p>\n\n\n\n<p>Se trata de entrevistas extensas, con la premisa de que el combatiente pueda reconstruir su testimonio en detalle, relatando an\u00e9cdotas, recuerdos, sentimientos y dem\u00e1s exposiciones que valoricen y visibilicen su historia previa, durante y posterior a la guerra.<\/p>\n\n\n\n<p>Tambi\u00e9n los relatos aportan datos de relevancia que contribuyen al entendimiento general del desarrollo del conflicto b\u00e9lico.<\/p>\n\n\n\n<p>El objetivo del trabajo entre el CETCO y la Coordinaci\u00f3n General de Comunicaci\u00f3n Institucional de la UNNE es continuar con entrevistas a otros soldados de Corrientes para avanzar en un mapa representativo con testimonios de diversos puntos del territorio provincial, y extender adem\u00e1s el trabajo a las dem\u00e1s provincias del nordeste.<\/p>\n\n\n\n<p>Las entrevistas pueden encontrarse en el canal de Youtube &#8220;Voces de Malvinas&#8221;.<\/p>\n\n\n\n<p><em>Fuente: Diario \u00c9poca.<\/em><\/p>\n","protected":false},"excerpt":{"rendered":"<p>Por medio de la realizaci\u00f3n de entrevistas a combatientes de la guerra de Malvinas oriundos de la regi\u00f3n nordeste, la Universidad Nacional del Nordeste participa en el proyecto federal\u00a0&#8220;Voces de&hellip; <\/p>\n","protected":false},"author":6,"featured_media":137134,"comment_status":"closed","ping_status":"open","sticky":false,"template":"","format":"standard","meta":{"footnotes":""},"categories":[1],"tags":[],"class_list":["post-137133","post","type-post","status-publish","format-standard","has-post-thumbnail","hentry","category-informacion-general"],"_links":{"self":[{"href":"https:\/\/corrientesdetarde.com\/index.php\/wp-json\/wp\/v2\/posts\/137133","targetHints":{"allow":["GET"]}}],"collection":[{"href":"https:\/\/corrientesdetarde.com\/index.php\/wp-json\/wp\/v2\/posts"}],"about":[{"href":"https:\/\/corrientesdetarde.com\/index.php\/wp-json\/wp\/v2\/types\/post"}],"author":[{"embeddable":true,"href":"https:\/\/corrientesdetarde.com\/index.php\/wp-json\/wp\/v2\/users\/6"}],"replies":[{"embeddable":true,"href":"https:\/\/corrientesdetarde.com\/index.php\/wp-json\/wp\/v2\/comments?post=137133"}],"version-history":[{"count":1,"href":"https:\/\/corrientesdetarde.com\/index.php\/wp-json\/wp\/v2\/posts\/137133\/revisions"}],"predecessor-version":[{"id":137135,"href":"https:\/\/corrientesdetarde.com\/index.php\/wp-json\/wp\/v2\/posts\/137133\/revisions\/137135"}],"wp:featuredmedia":[{"embeddable":true,"href":"https:\/\/corrientesdetarde.com\/index.php\/wp-json\/wp\/v2\/media\/137134"}],"wp:attachment":[{"href":"https:\/\/corrientesdetarde.com\/index.php\/wp-json\/wp\/v2\/media?parent=137133"}],"wp:term":[{"taxonomy":"category","embeddable":true,"href":"https:\/\/corrientesdetarde.com\/index.php\/wp-json\/wp\/v2\/categories?post=137133"},{"taxonomy":"post_tag","embeddable":true,"href":"https:\/\/corrientesdetarde.com\/index.php\/wp-json\/wp\/v2\/tags?post=137133"}],"curies":[{"name":"wp","href":"https:\/\/api.w.org\/{rel}","templated":true}]}}