{"id":137136,"date":"2024-04-01T20:22:24","date_gmt":"2024-04-01T23:22:24","guid":{"rendered":"https:\/\/corrientesdetarde.com\/?p=137136"},"modified":"2024-04-01T20:22:35","modified_gmt":"2024-04-01T23:22:35","slug":"vuelve-el-programa-cuestion-de-peso","status":"publish","type":"post","link":"https:\/\/corrientesdetarde.com\/index.php\/espectaculos\/vuelve-el-programa-cuestion-de-peso\/","title":{"rendered":"Vuelve el programa &#8220;Cuesti\u00f3n de Peso&#8221;."},"content":{"rendered":"\n<h2 class=\"wp-block-heading\">El ciclo vuelve a El Trece luego de 4 a\u00f1os fuera de la pantalla chica. En una entrevista, el conductor Mario Massaccesi confirm\u00f3 todos los detalles.<\/h2>\n\n\n\n<p><strong>Cuesti\u00f3n de Peso<\/strong>\u00a0vuelve a la pantalla chica luego de 4 a\u00f1os. Despu\u00e9s de varios rumores, el periodista\u00a0<strong>Mario Massaccesi (57)\u00a0<\/strong>confirm\u00f3 en una entrevista que ser\u00e1 el conductor del programa que se emitir\u00e1 por El Trece. El ciclo ayuda a personas con\u00a0<strong>sobrepeso\u00a0<\/strong>a alcanzar un\u00a0<strong>mejor estado de salud<\/strong>.<\/p>\n\n\n\n<p>Mario explic\u00f3 que se siente entusiasmado por este nuevo desaf\u00edo y que las personas cercanas en su vida lo apoyan en este proyecto. \u201c<strong>Estoy contento, porque es algo distinto<\/strong>\u00a0y porque, si bien la decisi\u00f3n la tom\u00e9 yo sin consultarle a nadie, despu\u00e9s que dije que s\u00ed, le cont\u00e9 a tres amigos que saben y que tienen la mirada donde tiene que estar y me dijeron: \u2018pero olv\u00eddate,\u00a0<strong>m\u00e1s vale que lo ten\u00e9s que hacer\u2019\u201d<\/strong>, cont\u00f3 en la entrevista.<\/p>\n\n\n\n<p>A pesar de que a\u00fan no se tiene demasiada informaci\u00f3n ni se conocen todos los detalles de c\u00f3mo ser\u00e1 el nuevo formato del hist\u00f3rico programa que tuvo 14 temporadas en la televisi\u00f3n argentina, el periodista anticip\u00f3 su<strong>&nbsp;fecha de estreno<\/strong>.<\/p>\n\n\n\n<figure class=\"wp-block-image\"><img decoding=\"async\" src=\"https:\/\/tn.com.ar\/resizer\/od7d4P43yHTnqr2Yt4efxkuXr-U=\/767x0\/smart\/filters:format(webp)\/cloudfront-us-east-1.images.arcpublishing.com\/artear\/B7LON6XRWFCXZIEZUPLLOPAR34.JPG\" alt=\"Mario Massaccesi ser\u00e1 el nuevo conductor de Cuesti\u00f3n de Peso. (Foto: Clar\u00edn).\"\/><figcaption class=\"wp-element-caption\">Mario Massaccesi ser\u00e1 el nuevo conductor de Cuesti\u00f3n de Peso. (Foto: Clar\u00edn).<\/figcaption><\/figure>\n\n\n\n<p>\u201cEst\u00e1 en pa\u00f1ales todav\u00eda, estamos armando el programa, la escenograf\u00eda, buscando los participantes\u2026\u201d, explic\u00f3 y adelant\u00f3: \u201cEstamos avanzando de a poco y si todo sale bien,&nbsp;<strong>vamos a estrenar el lunes 5 de mayo<\/strong>\u201d. Adem\u00e1s, el periodista&nbsp;<strong>confirm\u00f3 la vuelta del Dr. Alberto Cormillot junto a su familia&nbsp;<\/strong>en esta nueva edici\u00f3n. Y dijo: \u201c<strong>Sergio Ver\u00f3n<\/strong>&nbsp;tambi\u00e9n va a estar en la parte de movimiento\u201d.<\/p>\n\n\n\n<p><strong>\u201cEstoy contento porque creo que puedo aportar algo distinto<\/strong>. 10 temporadas tiene y pasaron 300 participantes. Osea hay una historia con el programa y veremos qu\u00e9 parte puedo sumar yo. Es como un rompecabezas donde vos sum\u00e1s una pieza\u201d, cont\u00f3, entusiasmado.<\/p>\n\n\n\n<figure class=\"wp-block-image\"><img decoding=\"async\" src=\"https:\/\/tn.com.ar\/resizer\/Vi4sSu1M4dcduzDZbsICQ2inJd0=\/767x0\/smart\/filters:format(webp)\/cloudfront-us-east-1.images.arcpublishing.com\/artear\/W2BOBDU33RHHPCQNLOS6M7BZIU.JPG\" alt=\"Mario Massaccesi ser\u00e1 el nuevo conductor de Cuesti\u00f3n de Peso. (Foto: Clar\u00edn).\"\/><figcaption class=\"wp-element-caption\">Mario Massaccesi ser\u00e1 el nuevo conductor de Cuesti\u00f3n de Peso. (Foto: Clar\u00edn).<\/figcaption><\/figure>\n\n\n\n<p>En respuesta, el entrevistador, Nahuel Crescenzo, no esquiv\u00f3 los halagos: \u201cCreo que todo lo que nos estuviste compartiendo, de tu propia historia y de c\u00f3mo alent\u00e1s a los dem\u00e1s, va a llegar a los participantes. Porque van con mucho sufrimiento, con muchas inquietudes. Y&nbsp;<strong>esa empat\u00eda que vos gener\u00e1s con la gente<\/strong>, va a estar ah\u00ed\u201d.<\/p>\n\n\n\n<p>\u201cS\u00ed, adem\u00e1s de estar ah\u00ed si es necesario contener\u2026 M\u00e1s all\u00e1 del rol de periodista y conductor,&nbsp;<strong>est\u00e1 esa parte humana que yo s\u00e9 que tengo y me gusta ejercerla<\/strong>&#8230; No me privo de eso\u201d, cerr\u00f3 Mario.<\/p>\n\n\n\n<p>Adem\u00e1s, se confirm\u00f3 que el n\u00famero de participantes ser\u00e1 menor al de ediciones pasadas ya que<strong>\u00a0comenzar\u00eda con solo 10 personas<\/strong>. Por \u00faltimo, sobre el horario del programa,\u00a0<strong>P\u00eda Shaw<\/strong>\u00a0asegur\u00f3 en el programa de radio de Yanina Latorre en \u201cEl Observador\u201d que ir\u00e1\u00a0<strong>\u201centre el programa de Mat\u00edas Martin y Roberto Moldavsky\u201d<\/strong>, cuyos comienzos son a las 14.45 y 16, respectivamente.<\/p>\n\n\n\n<p><\/p>\n\n\n\n<p><em>Fuente: Todo Noticias.<\/em><\/p>\n","protected":false},"excerpt":{"rendered":"<p>El ciclo vuelve a El Trece luego de 4 a\u00f1os fuera de la pantalla chica. En una entrevista, el conductor Mario Massaccesi confirm\u00f3 todos los detalles. Cuesti\u00f3n de Peso\u00a0vuelve a&hellip; <\/p>\n","protected":false},"author":6,"featured_media":137137,"comment_status":"closed","ping_status":"open","sticky":false,"template":"","format":"standard","meta":{"footnotes":""},"categories":[19],"tags":[],"class_list":["post-137136","post","type-post","status-publish","format-standard","has-post-thumbnail","hentry","category-espectaculos"],"_links":{"self":[{"href":"https:\/\/corrientesdetarde.com\/index.php\/wp-json\/wp\/v2\/posts\/137136","targetHints":{"allow":["GET"]}}],"collection":[{"href":"https:\/\/corrientesdetarde.com\/index.php\/wp-json\/wp\/v2\/posts"}],"about":[{"href":"https:\/\/corrientesdetarde.com\/index.php\/wp-json\/wp\/v2\/types\/post"}],"author":[{"embeddable":true,"href":"https:\/\/corrientesdetarde.com\/index.php\/wp-json\/wp\/v2\/users\/6"}],"replies":[{"embeddable":true,"href":"https:\/\/corrientesdetarde.com\/index.php\/wp-json\/wp\/v2\/comments?post=137136"}],"version-history":[{"count":1,"href":"https:\/\/corrientesdetarde.com\/index.php\/wp-json\/wp\/v2\/posts\/137136\/revisions"}],"predecessor-version":[{"id":137139,"href":"https:\/\/corrientesdetarde.com\/index.php\/wp-json\/wp\/v2\/posts\/137136\/revisions\/137139"}],"wp:featuredmedia":[{"embeddable":true,"href":"https:\/\/corrientesdetarde.com\/index.php\/wp-json\/wp\/v2\/media\/137137"}],"wp:attachment":[{"href":"https:\/\/corrientesdetarde.com\/index.php\/wp-json\/wp\/v2\/media?parent=137136"}],"wp:term":[{"taxonomy":"category","embeddable":true,"href":"https:\/\/corrientesdetarde.com\/index.php\/wp-json\/wp\/v2\/categories?post=137136"},{"taxonomy":"post_tag","embeddable":true,"href":"https:\/\/corrientesdetarde.com\/index.php\/wp-json\/wp\/v2\/tags?post=137136"}],"curies":[{"name":"wp","href":"https:\/\/api.w.org\/{rel}","templated":true}]}}