{"id":137212,"date":"2024-04-02T09:54:17","date_gmt":"2024-04-02T12:54:17","guid":{"rendered":"https:\/\/corrientesdetarde.com\/?p=137212"},"modified":"2024-04-02T09:54:18","modified_gmt":"2024-04-02T12:54:18","slug":"un-nino-de-12-anos-baleo-a-tres-alumnos-en-una-escuela-de-finlandia","status":"publish","type":"post","link":"https:\/\/corrientesdetarde.com\/index.php\/informacion-general\/un-nino-de-12-anos-baleo-a-tres-alumnos-en-una-escuela-de-finlandia\/","title":{"rendered":"Un ni\u00f1o de 12 a\u00f1os bale\u00f3 a tres alumnos en una escuela de Finlandia"},"content":{"rendered":"\n<p>El sospechoso logr\u00f3 ser detenido por la polic\u00eda.<\/p>\n\n\n\n<p>Tres ni\u00f1os de 12 a\u00f1os resultaron heridos en un tiroteo en una escuela cerca de Helsinki, la capital de Finlandia, seg\u00fan inform\u00f3 este martes la cadena p\u00fablica YLE.<\/p>\n\n\n\n<p>El sospechoso, tambi\u00e9n de 12 a\u00f1os, fue detenido y se encuentra bajo custodia, seg\u00fan la polic\u00eda finlandesa.<\/p>\n\n\n\n<p>El incidente tuvo lugar en la escuela primaria de Viertola, en la ciudad de Vantaa, a unos 18 kil\u00f3metros al norte de Helsinki. El centro escolar de Viertola tiene dos sedes y cuenta con unos 800 alumnos de grado primero a noveno y unos 90 miembros del personal.<\/p>\n\n\n\n<p>&#8220;El tiroteo de Vantaa es profundamente estremecedor. Mis pensamientos est\u00e1n con las v\u00edctimas, sus familias y los dem\u00e1s estudiantes y personal de la escuela de Viertola&#8221;, dijo Petteri Orpo, el primer ministro de Finlandia en X.<\/p>\n\n\n\n<p>&#8220;Seguimos de cerca la situaci\u00f3n y esperamos actualizaciones de las autoridades&#8221;.<\/p>\n\n\n\n<p>&nbsp;<br>El sospechoso, tambi\u00e9n alumno de 12 a\u00f1os del centro, &#8220;huy\u00f3 del colegio a pie&#8221; y fue capturado m\u00e1s tarde por la polic\u00eda en el &#8220;barrio de Tapulikaupunki, al norte de Helsinki&#8221;, inform\u00f3 la cadena p\u00fablica YLE citando a la polic\u00eda.<\/p>\n\n\n\n<p>YLE dijo que la polic\u00eda &#8220;no hab\u00eda proporcionado detalles sobre la naturaleza o gravedad de las lesiones&#8221; y no hab\u00eda &#8220;especificado qu\u00e9 tipo de arma de fuego se utiliz\u00f3 en el incidente&#8221;.<\/p>\n\n\n\n<p>La polic\u00eda fue llamada inicialmente al lugar de los hechos a las 9.08 hora local, dijo YLE, citando a la polic\u00eda de Uusimaa Oriental.<\/p>\n\n\n\n<p>Los alumnos se mantuvieron dentro de sus aulas tras el tiroteo, inform\u00f3 YLE, a\u00f1adiendo que &#8220;las autoridades pidieron a la gente de la zona que se mantuviera alejada de la escuela y permaneciera en el interior sin dejar entrar a extra\u00f1os&#8221;.<\/p>\n","protected":false},"excerpt":{"rendered":"<p>El sospechoso logr\u00f3 ser detenido por la polic\u00eda. Tres ni\u00f1os de 12 a\u00f1os resultaron heridos en un tiroteo en una escuela cerca de Helsinki, la capital de Finlandia, seg\u00fan inform\u00f3&hellip; <\/p>\n","protected":false},"author":3,"featured_media":137226,"comment_status":"closed","ping_status":"open","sticky":false,"template":"","format":"standard","meta":{"footnotes":""},"categories":[1],"tags":[],"class_list":["post-137212","post","type-post","status-publish","format-standard","has-post-thumbnail","hentry","category-informacion-general"],"_links":{"self":[{"href":"https:\/\/corrientesdetarde.com\/index.php\/wp-json\/wp\/v2\/posts\/137212","targetHints":{"allow":["GET"]}}],"collection":[{"href":"https:\/\/corrientesdetarde.com\/index.php\/wp-json\/wp\/v2\/posts"}],"about":[{"href":"https:\/\/corrientesdetarde.com\/index.php\/wp-json\/wp\/v2\/types\/post"}],"author":[{"embeddable":true,"href":"https:\/\/corrientesdetarde.com\/index.php\/wp-json\/wp\/v2\/users\/3"}],"replies":[{"embeddable":true,"href":"https:\/\/corrientesdetarde.com\/index.php\/wp-json\/wp\/v2\/comments?post=137212"}],"version-history":[{"count":1,"href":"https:\/\/corrientesdetarde.com\/index.php\/wp-json\/wp\/v2\/posts\/137212\/revisions"}],"predecessor-version":[{"id":137241,"href":"https:\/\/corrientesdetarde.com\/index.php\/wp-json\/wp\/v2\/posts\/137212\/revisions\/137241"}],"wp:featuredmedia":[{"embeddable":true,"href":"https:\/\/corrientesdetarde.com\/index.php\/wp-json\/wp\/v2\/media\/137226"}],"wp:attachment":[{"href":"https:\/\/corrientesdetarde.com\/index.php\/wp-json\/wp\/v2\/media?parent=137212"}],"wp:term":[{"taxonomy":"category","embeddable":true,"href":"https:\/\/corrientesdetarde.com\/index.php\/wp-json\/wp\/v2\/categories?post=137212"},{"taxonomy":"post_tag","embeddable":true,"href":"https:\/\/corrientesdetarde.com\/index.php\/wp-json\/wp\/v2\/tags?post=137212"}],"curies":[{"name":"wp","href":"https:\/\/api.w.org\/{rel}","templated":true}]}}