{"id":137224,"date":"2024-04-02T09:53:31","date_gmt":"2024-04-02T12:53:31","guid":{"rendered":"https:\/\/corrientesdetarde.com\/?p=137224"},"modified":"2024-04-02T09:53:43","modified_gmt":"2024-04-02T12:53:43","slug":"lautaro-midon-titulos-y-registros-que-lo-posicionan-en-un-sitio-de-elite","status":"publish","type":"post","link":"https:\/\/corrientesdetarde.com\/index.php\/deportes\/lautaro-midon-titulos-y-registros-que-lo-posicionan-en-un-sitio-de-elite\/","title":{"rendered":"Lautaro Mid\u00f3n: t\u00edtulos y registros que lo posicionan en un sitio de \u00e9lite"},"content":{"rendered":"\n<p>Con 20 a\u00f1os reci\u00e9n cumplidos, el tenista surgido del Club San Mart\u00edn lleva ganados tres torneos en el campo rentado y las similitudes con Leonardo Mayer y Agust\u00edn Velotti lo potencian como un futuro &#8220;top 100&#8221;. La pr\u00f3xima semana ser\u00e1 464\u00b0 del mundo.<\/p>\n\n\n\n<p>Dos t\u00edtulos en semanas consecutivas y una racha de diez triunfos en fila, son registros que certifican el presente del correntino Lautaro Mid\u00f3n, que entre coronaci\u00f3n y coronaci\u00f3n cumpli\u00f3 los 20 a\u00f1os. Sin dudas que atraviesa su temporada de despegue y despu\u00e9s de levantar el trofeo en Punta del Este, ahora volvi\u00f3 a ganar un torneo en la gira nacional coronando en el M15 de Bragado, venciendo al rosarino Luciano Ambrogi (7-6 y 6-1) en una final 100% argentina entre dos de las apariciones m\u00e1s destacadas en el tenis argentino.<\/p>\n\n\n\n<p>Con estos t\u00edtulos en marzo, Mid\u00f3n suma tres en su carrera. Todos en el circuito profesional de ITF, en un lapso de seis meses desde que conquist\u00f3 el primero en septiembre del a\u00f1o pasado, en la ciudad de Olavarr\u00eda.<\/p>\n\n\n\n<p>Desde la semana que viene aparecer\u00e1 464\u00b0 del ranking de ATP. Ser\u00e1 su mejor posicionamiento hist\u00f3rico y quedar\u00e1 como la primera raqueta correntina, superando a Ignacio Monz\u00f3n, despu\u00e9s de varias temporadas.<\/p>\n\n\n\n<figure class=\"wp-block-image\"><img decoding=\"async\" src=\"https:\/\/www.diarioepoca.com\/content\/bucket\/7\/1355587w380h132c.jpg.webp\" alt=\"\"\/><\/figure>\n\n\n\n<p>Estos logros dejan a Mid\u00f3n en una posici\u00f3n destacada en el historial del tenis de la provincia. Solo Leonardo Mayer y Agust\u00edn Velotti hab\u00edan alcanzado una coronaci\u00f3n en el campo rentado antes de los 20 a\u00f1os y llegaban a esta edad con varios t\u00edtulos en su haber.<\/p>\n\n\n\n<p>En el nombre por nombre, hoy Mid\u00f3n potencia sus virtudes y se encamina como una de las promesas que tiene el tenis argentino. Surgido en el Club San Mart\u00edn de Corrientes, forma parte del selecto grupo de tenistas que trabajan con el desarrollo de la Asociaci\u00f3n Argentina de Tenis (AAT).<\/p>\n\n\n\n<p>Mayer, sin dudas es el tenista correntino que lleg\u00f3 m\u00e1s alto y significar\u00e1 una marca de comparaci\u00f3n para las futuras generaciones. M\u00e1s all\u00e1 del juego de uno y otro. Pero el primer t\u00edtulo para &#8220;Leo&#8221; lleg\u00f3 con 18 a\u00f1os (el future de Chile F6 en 2005) y con 20 a\u00f1os ya sumaba otros dos torneos challengers (Cuenca y Puebla en 2007); adem\u00e1s de otros dos finales perdidas en los mismos niveles (Puebla 2006 y Graz 2007).<\/p>\n\n\n\n<p>El camino de Velotti parec\u00eda similar, aunque en su \u00e9poca de juvenil logr\u00f3 el hist\u00f3rico t\u00edtulo de Rolando Garros Junior en 2010. En octubre de ese a\u00f1o y con 18, alcanzaba su primera conquista (Paraguay F2) y con 20 a\u00f1os ya acreditaba otros cinco torneos futures (Argentina F1, Per\u00fa F2, Per\u00fa F3 \u0096en 2011-, Argentina F12 y Brasil F27, en 2012).<\/p>\n\n\n\n<p>Con estas coronaciones recientes en Punta del Este y Bragado, Mid\u00f3n logr\u00f3 igualar el registro de t\u00edtulos consecutivos que Agust\u00edn sum\u00f3 en canchas peruanas cuando ten\u00eda 19 a\u00f1os.<\/p>\n\n\n\n<p>El curuzucuate\u00f1o Sebasti\u00e1n Decoud fue otro de los tenistas correntinos que alcanz\u00f3 un t\u00edtulo profesional a esta edad. Su primer torneo lo gan\u00f3 justamente semanas despu\u00e9s de cumplir 20 a\u00f1os, el future de Paraguay F1 de 2001.<\/p>\n\n\n\n<p>Ignacio Monz\u00f3n (26 a\u00f1os), correntino y contempor\u00e1neo a Mid\u00f3n, alcanz\u00f3 su primer t\u00edtulo profesional con 21 a\u00f1os, en el M15 de Tabarka (T\u00fanez). Dos semanas despu\u00e9s gan\u00f3 su segundo torneo en la misma ciudad. Lleva tambi\u00e9n tres t\u00edtulos de ITF (sumando El Cairo 2022) y perdi\u00f3 varias finales.<\/p>\n\n\n\n<p>Mid\u00f3n tiene una agenda cargada en 2024 y su camino tendr\u00e1 que hacerse a base de roce y competencias, como sus antecesores.<\/p>\n","protected":false},"excerpt":{"rendered":"<p>Con 20 a\u00f1os reci\u00e9n cumplidos, el tenista surgido del Club San Mart\u00edn lleva ganados tres torneos en el campo rentado y las similitudes con Leonardo Mayer y Agust\u00edn Velotti lo&hellip; <\/p>\n","protected":false},"author":3,"featured_media":137225,"comment_status":"closed","ping_status":"open","sticky":false,"template":"","format":"standard","meta":{"footnotes":""},"categories":[4],"tags":[],"class_list":["post-137224","post","type-post","status-publish","format-standard","has-post-thumbnail","hentry","category-deportes"],"_links":{"self":[{"href":"https:\/\/corrientesdetarde.com\/index.php\/wp-json\/wp\/v2\/posts\/137224","targetHints":{"allow":["GET"]}}],"collection":[{"href":"https:\/\/corrientesdetarde.com\/index.php\/wp-json\/wp\/v2\/posts"}],"about":[{"href":"https:\/\/corrientesdetarde.com\/index.php\/wp-json\/wp\/v2\/types\/post"}],"author":[{"embeddable":true,"href":"https:\/\/corrientesdetarde.com\/index.php\/wp-json\/wp\/v2\/users\/3"}],"replies":[{"embeddable":true,"href":"https:\/\/corrientesdetarde.com\/index.php\/wp-json\/wp\/v2\/comments?post=137224"}],"version-history":[{"count":1,"href":"https:\/\/corrientesdetarde.com\/index.php\/wp-json\/wp\/v2\/posts\/137224\/revisions"}],"predecessor-version":[{"id":137238,"href":"https:\/\/corrientesdetarde.com\/index.php\/wp-json\/wp\/v2\/posts\/137224\/revisions\/137238"}],"wp:featuredmedia":[{"embeddable":true,"href":"https:\/\/corrientesdetarde.com\/index.php\/wp-json\/wp\/v2\/media\/137225"}],"wp:attachment":[{"href":"https:\/\/corrientesdetarde.com\/index.php\/wp-json\/wp\/v2\/media?parent=137224"}],"wp:term":[{"taxonomy":"category","embeddable":true,"href":"https:\/\/corrientesdetarde.com\/index.php\/wp-json\/wp\/v2\/categories?post=137224"},{"taxonomy":"post_tag","embeddable":true,"href":"https:\/\/corrientesdetarde.com\/index.php\/wp-json\/wp\/v2\/tags?post=137224"}],"curies":[{"name":"wp","href":"https:\/\/api.w.org\/{rel}","templated":true}]}}