{"id":137347,"date":"2024-04-02T21:29:23","date_gmt":"2024-04-03T00:29:23","guid":{"rendered":"https:\/\/corrientesdetarde.com\/?p=137347"},"modified":"2024-04-02T21:29:35","modified_gmt":"2024-04-03T00:29:35","slug":"asi-formara-river-en-su-debut-por-la-copa-libertadores","status":"publish","type":"post","link":"https:\/\/corrientesdetarde.com\/index.php\/deportes\/asi-formara-river-en-su-debut-por-la-copa-libertadores\/","title":{"rendered":"As\u00ed formar\u00e1 River en su debut por la Copa Libertadores."},"content":{"rendered":"\n<h2 class=\"wp-block-heading\">El Millonario busca iniciar con el pie derecho su traves\u00eda por el m\u00e1ximo certamen continental en su choque ante Deportivo T\u00e1chira.<\/h2>\n\n\n\n<p><strong>FORMACI\u00d3N CONFIRMADA DE RIVER PLATE<\/strong><\/p>\n\n\n\n<p>Franco Armani; Sebasti\u00e1n Boselli, Leandro Gonz\u00e1lez Pirez, Paulo D\u00edaz, Enzo D\u00edaz; Nicol\u00e1s Fonseca, Rodrigo Aliendro; Ignacio Fern\u00e1ndez, Facundo Colidio, Pablo Solari; y Miguel Borja. DT: Mart\u00edn Demichelis.<\/p>\n\n\n\n<p>La sorpresa de la alineaci\u00f3n reside en la\u00a0<strong>suplencia de Claudio\u00a0<\/strong><em><strong>Diablito<\/strong><\/em><strong>\u00a0Echeverri<\/strong>, quien no ser\u00e1 de la partida y ocupar\u00e1 un lugar en el banco. El entrenador Mart\u00edn Demichelis hizo cinco cambios con respecto al equipo que perdi\u00f3 contra Hurac\u00e1n: Boselli por Marcelo Herrera, Paulo D\u00edaz por Daniel Zabala, Fonseca por Rodrigo Villagra, Colidio por Santiago Sim\u00f3n y Solari por Barco.<\/p>\n\n\n\n<figure class=\"wp-block-image size-full\"><img loading=\"lazy\" decoding=\"async\" width=\"768\" height=\"1024\" src=\"https:\/\/corrientesdetarde.com\/wp-content\/uploads\/2024\/04\/image.png\" alt=\"\" class=\"wp-image-137354\" srcset=\"https:\/\/corrientesdetarde.com\/wp-content\/uploads\/2024\/04\/image.png 768w, https:\/\/corrientesdetarde.com\/wp-content\/uploads\/2024\/04\/image-225x300.png 225w\" sizes=\"auto, (max-width: 768px) 100vw, 768px\" \/><\/figure>\n","protected":false},"excerpt":{"rendered":"<p>El Millonario busca iniciar con el pie derecho su traves\u00eda por el m\u00e1ximo certamen continental en su choque ante Deportivo T\u00e1chira. FORMACI\u00d3N CONFIRMADA DE RIVER PLATE Franco Armani; Sebasti\u00e1n Boselli,&hellip; <\/p>\n","protected":false},"author":6,"featured_media":137355,"comment_status":"closed","ping_status":"open","sticky":false,"template":"","format":"standard","meta":{"footnotes":""},"categories":[4],"tags":[],"class_list":["post-137347","post","type-post","status-publish","format-standard","has-post-thumbnail","hentry","category-deportes"],"_links":{"self":[{"href":"https:\/\/corrientesdetarde.com\/index.php\/wp-json\/wp\/v2\/posts\/137347","targetHints":{"allow":["GET"]}}],"collection":[{"href":"https:\/\/corrientesdetarde.com\/index.php\/wp-json\/wp\/v2\/posts"}],"about":[{"href":"https:\/\/corrientesdetarde.com\/index.php\/wp-json\/wp\/v2\/types\/post"}],"author":[{"embeddable":true,"href":"https:\/\/corrientesdetarde.com\/index.php\/wp-json\/wp\/v2\/users\/6"}],"replies":[{"embeddable":true,"href":"https:\/\/corrientesdetarde.com\/index.php\/wp-json\/wp\/v2\/comments?post=137347"}],"version-history":[{"count":1,"href":"https:\/\/corrientesdetarde.com\/index.php\/wp-json\/wp\/v2\/posts\/137347\/revisions"}],"predecessor-version":[{"id":137356,"href":"https:\/\/corrientesdetarde.com\/index.php\/wp-json\/wp\/v2\/posts\/137347\/revisions\/137356"}],"wp:featuredmedia":[{"embeddable":true,"href":"https:\/\/corrientesdetarde.com\/index.php\/wp-json\/wp\/v2\/media\/137355"}],"wp:attachment":[{"href":"https:\/\/corrientesdetarde.com\/index.php\/wp-json\/wp\/v2\/media?parent=137347"}],"wp:term":[{"taxonomy":"category","embeddable":true,"href":"https:\/\/corrientesdetarde.com\/index.php\/wp-json\/wp\/v2\/categories?post=137347"},{"taxonomy":"post_tag","embeddable":true,"href":"https:\/\/corrientesdetarde.com\/index.php\/wp-json\/wp\/v2\/tags?post=137347"}],"curies":[{"name":"wp","href":"https:\/\/api.w.org\/{rel}","templated":true}]}}