{"id":137375,"date":"2024-04-03T08:50:33","date_gmt":"2024-04-03T11:50:33","guid":{"rendered":"https:\/\/corrientesdetarde.com\/?p=137375"},"modified":"2024-04-03T08:50:45","modified_gmt":"2024-04-03T11:50:45","slug":"la-ciudad-inaugura-su-mes-de-corrientes-con-un-megafestival","status":"publish","type":"post","link":"https:\/\/corrientesdetarde.com\/index.php\/actualidad\/la-ciudad-inaugura-su-mes-de-corrientes-con-un-megafestival\/","title":{"rendered":"La ciudad inaugura su Mes de Corrientes con un megafestival"},"content":{"rendered":"\n<p>El extenso programa festivo, dise\u00f1ado por la Municipalidad local, se extender\u00e1 hasta el 3 de mayo con una agenda cargada y variada de expresiones art\u00edsticas y culturales; adem\u00e1s de actividades deportivas, tur\u00edsticas e hist\u00f3ricas, entre otras.<\/p>\n\n\n\n<p>&#8220;Iniciamos un mes que ya es parte de la idiosincrasia de los correntinos, en el que no solo festejamos y conmemoramos la fundaci\u00f3n de la ciudad, sino que tambi\u00e9n fortalecemos el concepto de identidad cultural de nuestra comunidad&#8221;, expres\u00f3 el secretario de Cultura y Educaci\u00f3n de la ciudad, Jos\u00e9 Sand.<\/p>\n\n\n\n<figure class=\"wp-block-image\"><img decoding=\"async\" src=\"https:\/\/www.diarioepoca.com\/content\/bucket\/2\/1355762w380h491c.jpg.webp\" alt=\"\"\/><\/figure>\n\n\n\n<p>El festival art\u00edstico cultural iniciar\u00e1 a las 17 en la zona central del parque Camb\u00e1 Cu\u00e1 (pilot\u00f3n) con una grilla amplia y extensa que propondr\u00e1 una variedad de m\u00fasica y espect\u00e1culos. El evento es con entrada libre y contar\u00e1 con un paseo de emprendedores.<\/p>\n","protected":false},"excerpt":{"rendered":"<p>El extenso programa festivo, dise\u00f1ado por la Municipalidad local, se extender\u00e1 hasta el 3 de mayo con una agenda cargada y variada de expresiones art\u00edsticas y culturales; adem\u00e1s de actividades&hellip; <\/p>\n","protected":false},"author":12,"featured_media":137389,"comment_status":"closed","ping_status":"open","sticky":false,"template":"","format":"standard","meta":{"footnotes":""},"categories":[23],"tags":[],"class_list":["post-137375","post","type-post","status-publish","format-standard","has-post-thumbnail","hentry","category-actualidad"],"_links":{"self":[{"href":"https:\/\/corrientesdetarde.com\/index.php\/wp-json\/wp\/v2\/posts\/137375","targetHints":{"allow":["GET"]}}],"collection":[{"href":"https:\/\/corrientesdetarde.com\/index.php\/wp-json\/wp\/v2\/posts"}],"about":[{"href":"https:\/\/corrientesdetarde.com\/index.php\/wp-json\/wp\/v2\/types\/post"}],"author":[{"embeddable":true,"href":"https:\/\/corrientesdetarde.com\/index.php\/wp-json\/wp\/v2\/users\/12"}],"replies":[{"embeddable":true,"href":"https:\/\/corrientesdetarde.com\/index.php\/wp-json\/wp\/v2\/comments?post=137375"}],"version-history":[{"count":1,"href":"https:\/\/corrientesdetarde.com\/index.php\/wp-json\/wp\/v2\/posts\/137375\/revisions"}],"predecessor-version":[{"id":137390,"href":"https:\/\/corrientesdetarde.com\/index.php\/wp-json\/wp\/v2\/posts\/137375\/revisions\/137390"}],"wp:featuredmedia":[{"embeddable":true,"href":"https:\/\/corrientesdetarde.com\/index.php\/wp-json\/wp\/v2\/media\/137389"}],"wp:attachment":[{"href":"https:\/\/corrientesdetarde.com\/index.php\/wp-json\/wp\/v2\/media?parent=137375"}],"wp:term":[{"taxonomy":"category","embeddable":true,"href":"https:\/\/corrientesdetarde.com\/index.php\/wp-json\/wp\/v2\/categories?post=137375"},{"taxonomy":"post_tag","embeddable":true,"href":"https:\/\/corrientesdetarde.com\/index.php\/wp-json\/wp\/v2\/tags?post=137375"}],"curies":[{"name":"wp","href":"https:\/\/api.w.org\/{rel}","templated":true}]}}