{"id":137376,"date":"2024-04-03T08:48:45","date_gmt":"2024-04-03T11:48:45","guid":{"rendered":"https:\/\/corrientesdetarde.com\/?p=137376"},"modified":"2024-04-03T10:34:07","modified_gmt":"2024-04-03T13:34:07","slug":"la-ciudad-de-corrientes-celebra-el-436o-aniversario-de-su-fundacion","status":"publish","type":"post","link":"https:\/\/corrientesdetarde.com\/index.php\/locales\/la-ciudad-de-corrientes-celebra-el-436o-aniversario-de-su-fundacion\/","title":{"rendered":"La ciudad de Corrientes celebra el 436\u00ba aniversario de su fundaci\u00f3n"},"content":{"rendered":"\n<p>La ciudad de San Juan de Vera de las Siete Corrientes vive una jornada muy especial ya que fue fundada el 3 de abril de 1588 por el adelantado Juan Torres de Vera y Arag\u00f3n, en cumplimiento de las capitulaciones pertinentes. Entre otros conceptos, el Acta Fundacional expresa: &#8220;fundo y asiento y pueblo la ciudad de Vera en el sitio que llaman de las Siete Corrientes, provincia del Paran\u00e1 y el Tape&#8221;.  Corrientes constituy\u00f3 la fundaci\u00f3n trascendental del adelantado.<\/p>\n\n\n\n<p>Corrientes celebrar\u00e1 su aniversario con un acto que se realizar\u00e1 junto al M\u00e1stil de la Ciudad, frente al Ex Regimiento de Infanter\u00eda 9, en la bajada del puente General Manuel Belgrano.<\/p>\n\n\n\n<p>El acto se llevar\u00e1 a cabo desde las 8:30 y ser\u00e1 encabezado por el intendente de la ciudad, Eduardo Tassano, dem\u00e1s autoridades municipales, provinciales, alumnos, fuerzas de seguridad y p\u00fablico en general.<\/p>\n\n\n\n<p>Cabe recordar que hoy es asueto en la capital provincial y tambi\u00e9n en la localidad de Colonia 3 de Abril, distante a 115 kil\u00f3metros de Capital, donde tambi\u00e9n se llevar\u00e1 a cabo un acto.<\/p>\n\n\n\n<h2 class=\"wp-block-heading\">Fundaci\u00f3n de la Ciudad de Corrientes<\/h2>\n\n\n\n<p>Pero hagamos un breve repaso de sus inicios. Jorge Deniri, doctor en Historia y director del Archivo General de la Provincia de Corrientes, destac\u00f3 que la ciudad fue pensada como estaci\u00f3n de paso entre Asunci\u00f3n y Buenos Aires, su ubicaci\u00f3n se escogi\u00f3 dadas sus ventajas naturales como puerto.<\/p>\n\n\n\n<p>La primera edificaci\u00f3n del asiento primitivo de la ciudad parece haber sido el c\u00e9lebre &#8220;fort\u00edn&#8221; o &#8220;Pucar\u00e1&#8221; de maderos, asociado en el recuerdo al &#8220;Milagro&#8221; o &#8220;Prodigio&#8221; de la Cruz, que evoca uno de los m\u00e1s rudos ataques ind\u00edgenas y la no menos denodada defensa de un grupo de 28 espa\u00f1oles. El fort\u00edn se hallaba donde hoy se alza el monumento a Alvear, y el primer monumento p\u00fablico de Corrientes es la &#8220;Columna&#8221;, que alzara Pedro Ferr\u00e9 en 1828. Durante el emplazamiento del Puente General Belgrano, se la desplaz\u00f3 al lugar que ocupa actualmente.<\/p>\n\n\n\n<p>Entre 1821 y 1839, Corrientes atraviesa un extraordinario momento pol\u00edtico, econ\u00f3mico y social que la entroniza como una de las primeras provincias del Plata. Desde 1839 hasta 1852, se ve obligada por las circunstancias a guerrear contra la dictadura de Juan Manuel de Rosas. Se enfrentan dos formas de concebir el federalismo, y en esa lucha que subsume todo lo dem\u00e1s, descuella una de las principales figuras de la Historia de Corrientes: Pedro Ferr\u00e9.<\/p>\n\n\n\n<p>Luego de la promulgaci\u00f3n de la Constituci\u00f3n Nacional en 1853, el 24 de abril de 1855, gobernando otro de los grandes correntinos, Juan Gregorio Pujol, se establece el R\u00e9gimen Municipal. Ese 25 de abril se instala el Congreso General Constituyente y el 12 de octubre se sanciona la Constituci\u00f3n Provincial. Hasta entonces, la provincia se hab\u00eda regido por sus Reglamentos Provisorios Constitucionales, sancionados en 1821 y 1824.<\/p>\n\n\n\n<h2 class=\"wp-block-heading\">Servicio para hoy, 3 de abril<\/h2>\n\n\n\n<p>Hoy, mi\u00e9rcoles 3 de abril, feriado municipal por la conmemoraci\u00f3n del 436 aniversario de la fundaci\u00f3n de la ciudad de Corrientes, la recolecci\u00f3n de residuos se llevar\u00e1 adelante normalmente seg\u00fan d\u00edas y horarios.<\/p>\n\n\n\n<p>El Tribunal de Faltas atender\u00e1 en el horario de 9 a 15, solo para cuestiones urgentes. La Direcci\u00f3n General de Defunciones funcionar\u00e1 con guardia de personal, en el horario de 7 a 19. Los cementerios San Juan Bautista y San Isidro Labrador abrir\u00e1n sus puertas, tambi\u00e9n de 7 a 19.<\/p>\n\n\n\n<p>La Agencia Correntina de Recaudaci\u00f3n (ACOR) abrir\u00e1 normalmente en su sede de avenida La Paz al 2400.<\/p>\n\n\n\n<p>La Caja Municipal de Pr\u00e9stamos y el Centro Emisor de Licencia (CEL) y los Puntos de Atenci\u00f3n SUBE no atender\u00e1n y tampoco se cobrar\u00e1 estacionamiento medido.\u00a0<\/p>\n\n\n\n<p><\/p>\n","protected":false},"excerpt":{"rendered":"<p>La ciudad de San Juan de Vera de las Siete Corrientes vive una jornada muy especial ya que fue fundada el 3 de abril de 1588 por el adelantado Juan&hellip; <\/p>\n","protected":false},"author":12,"featured_media":137426,"comment_status":"closed","ping_status":"open","sticky":false,"template":"","format":"standard","meta":{"footnotes":""},"categories":[8],"tags":[],"class_list":["post-137376","post","type-post","status-publish","format-standard","has-post-thumbnail","hentry","category-locales"],"_links":{"self":[{"href":"https:\/\/corrientesdetarde.com\/index.php\/wp-json\/wp\/v2\/posts\/137376","targetHints":{"allow":["GET"]}}],"collection":[{"href":"https:\/\/corrientesdetarde.com\/index.php\/wp-json\/wp\/v2\/posts"}],"about":[{"href":"https:\/\/corrientesdetarde.com\/index.php\/wp-json\/wp\/v2\/types\/post"}],"author":[{"embeddable":true,"href":"https:\/\/corrientesdetarde.com\/index.php\/wp-json\/wp\/v2\/users\/12"}],"replies":[{"embeddable":true,"href":"https:\/\/corrientesdetarde.com\/index.php\/wp-json\/wp\/v2\/comments?post=137376"}],"version-history":[{"count":1,"href":"https:\/\/corrientesdetarde.com\/index.php\/wp-json\/wp\/v2\/posts\/137376\/revisions"}],"predecessor-version":[{"id":137388,"href":"https:\/\/corrientesdetarde.com\/index.php\/wp-json\/wp\/v2\/posts\/137376\/revisions\/137388"}],"wp:featuredmedia":[{"embeddable":true,"href":"https:\/\/corrientesdetarde.com\/index.php\/wp-json\/wp\/v2\/media\/137426"}],"wp:attachment":[{"href":"https:\/\/corrientesdetarde.com\/index.php\/wp-json\/wp\/v2\/media?parent=137376"}],"wp:term":[{"taxonomy":"category","embeddable":true,"href":"https:\/\/corrientesdetarde.com\/index.php\/wp-json\/wp\/v2\/categories?post=137376"},{"taxonomy":"post_tag","embeddable":true,"href":"https:\/\/corrientesdetarde.com\/index.php\/wp-json\/wp\/v2\/tags?post=137376"}],"curies":[{"name":"wp","href":"https:\/\/api.w.org\/{rel}","templated":true}]}}