{"id":137422,"date":"2024-04-03T10:42:08","date_gmt":"2024-04-03T13:42:08","guid":{"rendered":"https:\/\/corrientesdetarde.com\/?p=137422"},"modified":"2024-04-03T10:42:19","modified_gmt":"2024-04-03T13:42:19","slug":"sindicato-organiza-tomas-en-los-organismos-nacionales","status":"publish","type":"post","link":"https:\/\/corrientesdetarde.com\/index.php\/informacion-general\/sindicato-organiza-tomas-en-los-organismos-nacionales\/","title":{"rendered":"SINDICATO ORGANIZA TOMAS EN LOS ORGANISMOS NACIONALES"},"content":{"rendered":"\n<p>Trabajadores correntinos nucleados en el gremio de la Asociaci\u00f3n de Trabajadores del Estado (ATE), se plegar\u00e1n a la jornada nacional de protesta en las dependencias federales donde se notificaron despidos.<\/p>\n\n\n\n<p>As\u00ed las cosas, la movida, que consistir\u00e1 en \u00abtomas pacificas\u00bb o asambleas, se realizar\u00e1 en oficinas de la Administraci\u00f3n Nacional de Seguridad Social (Anses), el Programa de Asistencia M\u00e9dica Integral (Pami-Instituto Nacional de Servicios Sociales para Jubilados y Pensionados), Migraciones, la Secretar\u00eda de Pol\u00edticas Integrales sobre Drogas de la Naci\u00f3n Argentina (Sedronar), Senasa, V\u00edas Navegables, Parques Nacionales y Radio Nacional.<\/p>\n\n\n\n<p><br>En la v\u00edspera, la conducci\u00f3n provincial de ATE difundi\u00f3 un instructivo para visibilizar el reclamo.<\/p>\n\n\n\n<p>En el mismo se enumera:<\/p>\n\n\n\n<p>\u00ab1) Ingreso a los lugares correspondientes de trabajo y realizar all\u00ed mismo asambleas con los compa\u00f1eros de car\u00e1cter informativa y resolutiva. Labrar el acta correspondiente.<\/p>\n\n\n\n<p>2) Si la Polic\u00eda Federal no permite el ingreso (por despido o cierre del organismo) hacer la asamblea en la entrada y labrar el acta correspondiente. 3) Las actas son muy importantes para el trabajo jur\u00eddico posterior a realizar por la asesor\u00eda legal del sindicato.<\/p>\n\n\n\n<p>4) Hacer el mayor esfuerzo de participar del zoom nacional con la Comisi\u00f3n Directiva Nacional que se realizar\u00e1 a las 15\u00bb.<\/p>\n\n\n\n<figure class=\"wp-block-image\"><img decoding=\"async\" src=\"https:\/\/www.diarioellibertador.com.ar\/wp-content\/uploads\/2024\/04\/toma-2-1-jpg.webp\" alt=\"\"\/><\/figure>\n\n\n\n<p><br>La protesta consistir\u00e1 en el ingreso masivo y simult\u00e1neo de los empleados a sus lugares de trabajo. \u00abLa intenci\u00f3n es coordinar un horario de ingreso y que entren a la vez los de planta permanente, los contratados temporalmente y los despedidos. Ser\u00e1 una importante demostraci\u00f3n de fuerza\u00bb, dijo Walter Zamudio, secretario general de la seccional Corrientes.<\/p>\n\n\n\n<p><br>El sindicalista no desestim\u00f3 que los reclamos en los organismos puedan extenderse por tiempo indeterminado. \u00abNo acepto la palabra toma, pero si no hay una respuesta por parte del Gobierno para reincorporar al personal despedido, la protesta puede derivar en ocupaciones pac\u00edficas de los organismos\u00bb, desafi\u00f3.<\/p>\n","protected":false},"excerpt":{"rendered":"<p>Trabajadores correntinos nucleados en el gremio de la Asociaci\u00f3n de Trabajadores del Estado (ATE), se plegar\u00e1n a la jornada nacional de protesta en las dependencias federales donde se notificaron despidos.&hellip; <\/p>\n","protected":false},"author":12,"featured_media":137433,"comment_status":"closed","ping_status":"open","sticky":false,"template":"","format":"standard","meta":{"footnotes":""},"categories":[1],"tags":[],"class_list":["post-137422","post","type-post","status-publish","format-standard","has-post-thumbnail","hentry","category-informacion-general"],"_links":{"self":[{"href":"https:\/\/corrientesdetarde.com\/index.php\/wp-json\/wp\/v2\/posts\/137422","targetHints":{"allow":["GET"]}}],"collection":[{"href":"https:\/\/corrientesdetarde.com\/index.php\/wp-json\/wp\/v2\/posts"}],"about":[{"href":"https:\/\/corrientesdetarde.com\/index.php\/wp-json\/wp\/v2\/types\/post"}],"author":[{"embeddable":true,"href":"https:\/\/corrientesdetarde.com\/index.php\/wp-json\/wp\/v2\/users\/12"}],"replies":[{"embeddable":true,"href":"https:\/\/corrientesdetarde.com\/index.php\/wp-json\/wp\/v2\/comments?post=137422"}],"version-history":[{"count":1,"href":"https:\/\/corrientesdetarde.com\/index.php\/wp-json\/wp\/v2\/posts\/137422\/revisions"}],"predecessor-version":[{"id":137434,"href":"https:\/\/corrientesdetarde.com\/index.php\/wp-json\/wp\/v2\/posts\/137422\/revisions\/137434"}],"wp:featuredmedia":[{"embeddable":true,"href":"https:\/\/corrientesdetarde.com\/index.php\/wp-json\/wp\/v2\/media\/137433"}],"wp:attachment":[{"href":"https:\/\/corrientesdetarde.com\/index.php\/wp-json\/wp\/v2\/media?parent=137422"}],"wp:term":[{"taxonomy":"category","embeddable":true,"href":"https:\/\/corrientesdetarde.com\/index.php\/wp-json\/wp\/v2\/categories?post=137422"},{"taxonomy":"post_tag","embeddable":true,"href":"https:\/\/corrientesdetarde.com\/index.php\/wp-json\/wp\/v2\/tags?post=137422"}],"curies":[{"name":"wp","href":"https:\/\/api.w.org\/{rel}","templated":true}]}}