{"id":137518,"date":"2024-04-03T15:40:37","date_gmt":"2024-04-03T18:40:37","guid":{"rendered":"https:\/\/corrientesdetarde.com\/?p=137518"},"modified":"2024-04-03T15:40:49","modified_gmt":"2024-04-03T18:40:49","slug":"el-gobierno-amplio-los-montos-de-facturacion-para-que-una-empresa-sea-considerada-pyme-los-nuevos-valores","status":"publish","type":"post","link":"https:\/\/corrientesdetarde.com\/index.php\/economia\/el-gobierno-amplio-los-montos-de-facturacion-para-que-una-empresa-sea-considerada-pyme-los-nuevos-valores\/","title":{"rendered":"El Gobierno ampli\u00f3 los montos de facturaci\u00f3n para que una empresa sea considerada pyme: los nuevos valores"},"content":{"rendered":"\n<p>Se trata de la primera actualizaci\u00f3n que aplica la gesti\u00f3n de Javier Milei. La \u00faltima vez que se modificaron los par\u00e1metros fue en marzo del 2023.<\/p>\n\n\n\n<p>El Gobierno ampli\u00f3 este mi\u00e9rcoles 3 de abril los\u00a0topes de factruraci\u00f3n\u00a0que determinan qu\u00e9 empresas son consideradas dentro de la categor\u00eda\u00a0<strong>MiPyME\u00a0<\/strong>y rigen desde este mes. Se trata de la primera actualizaci\u00f3n que aplica la gesti\u00f3n de<strong>\u00a0Javier Milei<\/strong>. La \u00faltima vez que se modificaron los par\u00e1metros fue el 31 de marzo de 2023.<\/p>\n\n\n\n<p>A trav\u00e9s de la resoluci\u00f3n 30,publicada este mi\u00e9rcoles en el<strong>\u00a0Bolet\u00edn Oficial<\/strong>, el Ministerio de Econom\u00eda modific\u00f3 los l\u00edmites seg\u00fan las<strong>\u00a0ventas totales anuales, personal ocupado y activos\u00a0<\/strong>expresados en pesos, que deber\u00e1n tener las compa\u00f1\u00edas. Los montos m\u00e1ximos se dividen en cinco categor\u00edas que abarcan:\u00a0<strong>Comercio, Industria y Miner\u00eda, Construcci\u00f3n, Servicios y Agro<\/strong>. En tanto, el l\u00edmite de activos en pesos contin\u00faa en\u00a0<strong>$193 millones<\/strong>.<\/p>\n\n\n\n<p>La Direcci\u00f3n de Fortalecimiento de la Competitividad PyME categoriza a las micro, peque\u00f1a y medianas empresas en un&nbsp;<strong>sector<\/strong>&nbsp;determinado por la actividad principal de la misma y el<strong>&nbsp;tramo<\/strong>&nbsp;se asigna en funci\u00f3n de los montos de las ventas totales anuales o a su cantidad de empleados.<\/p>\n\n\n\n<figure class=\"wp-block-image\"><img decoding=\"async\" src=\"https:\/\/tn.com.ar\/resizer\/PmLp1916W6eN3haYWE3LOXVPv1A=\/767x0\/smart\/filters:format(webp)\/cloudfront-us-east-1.images.arcpublishing.com\/artear\/PYHMAMPYLNAEOOTYL2H5NF4CDQ.jpg\" alt=\"Desde abril, rigen los nuevos par\u00e1metros de ventas totales anuales que se deben tener en cuenta para categorizar a las empresas como micro, peque\u00f1as y medianas empresas (Foto: NA)\"\/><\/figure>\n\n\n\n<h2 class=\"wp-block-heading\">Cu\u00e1les son los nuevos topes para ser considerados MiPyMES<\/h2>\n\n\n\n<p>Desde abril, los nuevos&nbsp;<strong>par\u00e1metros de ventas totales anuales&nbsp;<\/strong>que se deben tener en cuenta para categorizar a las empresas como micro, peque\u00f1as y medianas empresas son las siguientes:<\/p>\n\n\n\n<ul class=\"wp-block-list\">\n<li><strong>Construcci\u00f3n<\/strong>: Se considera una&nbsp;<strong>microempresa<\/strong>&nbsp;al facturar hasta&nbsp;<strong>$208.401.000<\/strong>&nbsp;al a\u00f1o;&nbsp;<strong>peque\u00f1a&nbsp;<\/strong>hasta&nbsp;<strong>$1.236.557.000<\/strong>; mediana tramo 1 hasta&nbsp;<strong>$6.899.145.000<\/strong>; y mediana tramo 2 hasta&nbsp;<strong>$10.347.579.000&nbsp;<\/strong>de facturaci\u00f3n anual. Un alza del&nbsp;<strong>164,84%<\/strong>&nbsp;frente a los montos del 2023.<\/li>\n\n\n\n<li><strong>Comercio<\/strong>: Con el incremento aplicado del&nbsp;<strong>181,25%<\/strong>, para ser categorizado una&nbsp;<strong>microempresa<\/strong>&nbsp;debe facturar hasta&nbsp;<strong>$599.483.000<\/strong>&nbsp;anuales y para ser<strong>&nbsp;peque\u00f1a<\/strong>&nbsp;hasta<strong>&nbsp;$4.270.323.000<\/strong>. En el caso de una<strong>&nbsp;mediana tramo 1<\/strong>&nbsp;la facturaci\u00f3n alcanza los $20.297.829.000 al a\u00f1o; y $28.997.100.000 para ser considera mediana tramo 2.<\/li>\n\n\n\n<li><strong>Industria y Miner\u00eda<\/strong>: Con la actualizaci\u00f3n del 189,38%, los valores de facturaci\u00f3n de una&nbsp;<strong>microempresa&nbsp;<\/strong>alcanza los&nbsp;<strong>$435.869.000<\/strong>; y peque\u00f1a&nbsp;<strong>$3.256.865.000 anuales<\/strong>. Mientras que para ser considerada mediana tramo 1 el tope es de&nbsp;<strong>$23.180.330.000<\/strong>; y&nbsp;<strong>$46.835.799.000<\/strong>&nbsp;para mediana tramo 2.<\/li>\n\n\n\n<li><strong>Servicios<\/strong>: Los nuevos par\u00e1metros para ser considerada una&nbsp;<strong>microempresa<\/strong>&nbsp;es de&nbsp;<strong>$91.494.000&nbsp;<\/strong>anuales;&nbsp;<strong>peque\u00f1a&nbsp;<\/strong>es hasta&nbsp;<strong>$551.596.000<\/strong>;&nbsp;<strong>mediana tramo 1&nbsp;<\/strong>hasta<strong>&nbsp;$4.565.365.000<\/strong>; y&nbsp;<strong>mediana tramo 2<\/strong>&nbsp;hasta&nbsp;<strong>$6.520.009.000&nbsp;<\/strong>de facturaci\u00f3n anual. Se trata de un alza del&nbsp;<strong>148,29%<\/strong>&nbsp;con respecto a los valores de 2023.<\/li>\n\n\n\n<li><strong>Agropecuario<\/strong>: Se considera una&nbsp;<strong>microempresa&nbsp;<\/strong>aquella que factura&nbsp;<strong>$90.930.000<\/strong>&nbsp;al a\u00f1o,&nbsp;<strong>peque\u00f1a<\/strong>&nbsp;hasta&nbsp;<strong>$334.950.000<\/strong>;&nbsp;<strong>mediana tramo 1<\/strong>&nbsp;hasta&nbsp;<strong>$1.971.190.000<\/strong>; y&nbsp;<strong>mediana tramo 2<\/strong>&nbsp;el tope m\u00e1ximos es de&nbsp;<strong>$3.126.440.000<\/strong>.<\/li>\n<\/ul>\n\n\n\n<figure class=\"wp-block-image\"><img decoding=\"async\" src=\"https:\/\/tn.com.ar\/resizer\/di3WfZuiA248E1r1YyPk6fgPUxY=\/767x0\/smart\/filters:format(webp)\/cloudfront-us-east-1.images.arcpublishing.com\/artear\/7KGGLLY42VHTNHKP5ZJ2CUJJQM.PNG\" alt=\"Los nuevos topes de facturaci\u00f3n anual para ser considerado MiPyME (Foto: Captura \/ Ministerio de Econom\u00eda)\"\/><\/figure>\n\n\n\n<p>Seg\u00fan el tributarista, Sebasti\u00e1n Dom\u00ednguez, la resoluci\u00f3n 30&nbsp;<strong>no actualiza el valor l\u00edmite de activos manteni\u00e9ndolo en $194.000.000<\/strong>, siendo equivalente a&nbsp;<strong>US$184.761<\/strong>&nbsp;en&nbsp;<strong>d\u00f3lar MEP<\/strong>. As\u00ed, \u201cel importe actualizado considerando la variaci\u00f3n del IPC entre febrero 2023-2024 ser\u00eda de $729.847.400\u2033.<\/p>\n\n\n\n<p>Con los nuevos par\u00e1metros y frente a la inflaci\u00f3n, determinadas empresas pueden quedar encuadradas en una categor\u00eda m\u00e1s alta que la que corresponder\u00eda y pueden llegar a perder \u201cbeneficios tributarios relevantes.\u201d<\/p>\n\n\n\n<p>Para Dom\u00ednguez, los par\u00e1metros de ventas y el l\u00edmite de activos se deber\u00edan actualizar en forma trimestral por la variaci\u00f3n de precios en lugar de hacerlo una vez al a\u00f1o.<\/p>\n","protected":false},"excerpt":{"rendered":"<p>Se trata de la primera actualizaci\u00f3n que aplica la gesti\u00f3n de Javier Milei. La \u00faltima vez que se modificaron los par\u00e1metros fue en marzo del 2023. El Gobierno ampli\u00f3 este&hellip; <\/p>\n","protected":false},"author":8,"featured_media":137519,"comment_status":"closed","ping_status":"open","sticky":false,"template":"","format":"standard","meta":{"footnotes":""},"categories":[20],"tags":[],"class_list":["post-137518","post","type-post","status-publish","format-standard","has-post-thumbnail","hentry","category-economia"],"_links":{"self":[{"href":"https:\/\/corrientesdetarde.com\/index.php\/wp-json\/wp\/v2\/posts\/137518","targetHints":{"allow":["GET"]}}],"collection":[{"href":"https:\/\/corrientesdetarde.com\/index.php\/wp-json\/wp\/v2\/posts"}],"about":[{"href":"https:\/\/corrientesdetarde.com\/index.php\/wp-json\/wp\/v2\/types\/post"}],"author":[{"embeddable":true,"href":"https:\/\/corrientesdetarde.com\/index.php\/wp-json\/wp\/v2\/users\/8"}],"replies":[{"embeddable":true,"href":"https:\/\/corrientesdetarde.com\/index.php\/wp-json\/wp\/v2\/comments?post=137518"}],"version-history":[{"count":1,"href":"https:\/\/corrientesdetarde.com\/index.php\/wp-json\/wp\/v2\/posts\/137518\/revisions"}],"predecessor-version":[{"id":137520,"href":"https:\/\/corrientesdetarde.com\/index.php\/wp-json\/wp\/v2\/posts\/137518\/revisions\/137520"}],"wp:featuredmedia":[{"embeddable":true,"href":"https:\/\/corrientesdetarde.com\/index.php\/wp-json\/wp\/v2\/media\/137519"}],"wp:attachment":[{"href":"https:\/\/corrientesdetarde.com\/index.php\/wp-json\/wp\/v2\/media?parent=137518"}],"wp:term":[{"taxonomy":"category","embeddable":true,"href":"https:\/\/corrientesdetarde.com\/index.php\/wp-json\/wp\/v2\/categories?post=137518"},{"taxonomy":"post_tag","embeddable":true,"href":"https:\/\/corrientesdetarde.com\/index.php\/wp-json\/wp\/v2\/tags?post=137518"}],"curies":[{"name":"wp","href":"https:\/\/api.w.org\/{rel}","templated":true}]}}