{"id":137521,"date":"2024-04-03T15:43:59","date_gmt":"2024-04-03T18:43:59","guid":{"rendered":"https:\/\/corrientesdetarde.com\/?p=137521"},"modified":"2024-04-03T15:44:04","modified_gmt":"2024-04-03T18:44:04","slug":"el-hijo-menor-de-lula-fue-denunciado-por-violencia-de-genero-y-recibio-una-perimetral","status":"publish","type":"post","link":"https:\/\/corrientesdetarde.com\/index.php\/internacionales\/el-hijo-menor-de-lula-fue-denunciado-por-violencia-de-genero-y-recibio-una-perimetral\/","title":{"rendered":"El hijo menor de Lula fue denunciado por violencia de g\u00e9nero y recibi\u00f3 una perimetral"},"content":{"rendered":"\n<p>Su pareja lo acus\u00f3 de violencia f\u00edsica y psicol\u00f3gica. No puede acercarse a la mujer ni contactarla.<\/p>\n\n\n\n<p>La justicia brasile\u00f1a orden\u00f3 al hijo menor del presidente&nbsp;<strong>Luiz In\u00e1cio Lula da Silva<\/strong>&nbsp;que se mantenga alejado de su pareja, tras una denuncia de supuesta violencia f\u00edsica y psicol\u00f3gica. Lo confirm\u00f3 este mi\u00e9rcoles a&nbsp;<em>AFP<\/em>&nbsp;la abogada de la mujer.<\/p>\n\n\n\n<p>Las medidas contra\u00a0<strong>Luis Cl\u00e1udio Lula da Silva<\/strong>\u00a0incluyen una orden de alejamiento y la prohibici\u00f3n de contactar a su pareja por cualquier medio, dijo la letrada\u00a0<strong>Gabriela Schievano San\u00e7ana<\/strong>.<\/p>\n\n\n\n<p>La decisi\u00f3n fue tomada de urgencia por el Tribunal de Justicia de San Pablo, que consider\u00f3 \u201cveros\u00edmil\u201d y \u201ccoherente\u201d la denuncia presentada el martes contra el hijo menor del presidente, inform\u00f3 la prensa local. Los abogados de Luis Cl\u00e1udio Lula da Silva calificaron de \u201cmentiras\u201d las acusaciones.<\/p>\n\n\n\n<h2 class=\"wp-block-heading\">Qu\u00e9 dice la denuncia contra el hijo menor de Lula<\/h2>\n\n\n\n<p><strong>Nat\u00e1lia Schincariol<\/strong>, m\u00e9dica, denunci\u00f3 al hijo del mandatario por agresiones como \u201camenazas e insultos constantes\u201d y \u201cun codazo en la zona del est\u00f3mago\u201d, seg\u00fan la denuncia presentada ante la polic\u00eda y divulgada por la prensa.<\/p>\n\n\n\n<p>Consultada sobre la acusaci\u00f3n contra el hijo del mandatario, la Secretar\u00eda de Seguridad de San Pablo confirm\u00f3 que la mujer, de 29 a\u00f1os, \u201cregistr\u00f3 una denuncia contra su compa\u00f1ero, de 39 a\u00f1os, por los delitos de violencia dom\u00e9stica, amenaza, agresiones f\u00edsicas, violencia psicol\u00f3gica contra la mujer e injuria\u201d.<\/p>\n\n\n\n<figure class=\"wp-block-image\"><img decoding=\"async\" src=\"https:\/\/tn.com.ar\/resizer\/Q9QBOu6VcXdZVNOkeW2q-Q8H9po=\/767x0\/smart\/filters:format(webp)\/cloudfront-us-east-1.images.arcpublishing.com\/artear\/ZVSXT4NNKRCFVJUHCS25UUKORU.jpg\" alt=\"Luis Cl\u00e1udio Lula da Sila fue denunciado por violencia de g\u00e9nero (Foto: O Globo)\"\/><\/figure>\n\n\n\n<p>\u201cLas acciones habr\u00edan comenzado en enero de este a\u00f1o\u201d, indic\u00f3 la Secretar\u00eda.<\/p>\n\n\n\n<p>Schincariol \u201cno pretende obtener ning\u00fan beneficio econ\u00f3mico de esta exposici\u00f3n, que ocurri\u00f3 de forma ajena a su voluntad\u201d, subrayaron sus abogados en un comunicado.<\/p>\n\n\n\n<h2 class=\"wp-block-heading\">Qui\u00e9n es Luis Cl\u00e1udio Lula da Silva<\/h2>\n\n\n\n<p>El hijo menor de Lula es empresario y director del club regional de f\u00fatbol Parintins, del estado de Amazonas, norte del pa\u00eds. En sus redes sociales, divulg\u00f3 una nota firmada por sus abogados en las que rechaza las \u201cfantasiosas declaraciones\u201d de su pareja sobre \u201cagresiones falsas y fantasiosas\u201d.<\/p>\n\n\n\n<p>Los abogados indicaron que \u201cser\u00e1n tomadas medidas legales\u201d ante las \u201cmentiras\u201d que representan \u201ccalumnia, injuria y difamaci\u00f3n\u201d, e incluso \u201cda\u00f1os morales\u201d.<\/p>\n\n\n\n<p>Luis Cl\u00e1udio, de 39 a\u00f1os, es el menor de los cinco hijos del presidente brasile\u00f1o, y uno de los tres del matrimonio con&nbsp;<strong>Marisa Let\u00edcia<\/strong>, primera dama brasile\u00f1a entre 2003 y 2011, y fallecida en 2017.<\/p>\n","protected":false},"excerpt":{"rendered":"<p>Su pareja lo acus\u00f3 de violencia f\u00edsica y psicol\u00f3gica. No puede acercarse a la mujer ni contactarla. La justicia brasile\u00f1a orden\u00f3 al hijo menor del presidente&nbsp;Luiz In\u00e1cio Lula da Silva&nbsp;que&hellip; <\/p>\n","protected":false},"author":8,"featured_media":137522,"comment_status":"closed","ping_status":"open","sticky":false,"template":"","format":"standard","meta":{"footnotes":""},"categories":[11],"tags":[],"class_list":["post-137521","post","type-post","status-publish","format-standard","has-post-thumbnail","hentry","category-internacionales"],"_links":{"self":[{"href":"https:\/\/corrientesdetarde.com\/index.php\/wp-json\/wp\/v2\/posts\/137521","targetHints":{"allow":["GET"]}}],"collection":[{"href":"https:\/\/corrientesdetarde.com\/index.php\/wp-json\/wp\/v2\/posts"}],"about":[{"href":"https:\/\/corrientesdetarde.com\/index.php\/wp-json\/wp\/v2\/types\/post"}],"author":[{"embeddable":true,"href":"https:\/\/corrientesdetarde.com\/index.php\/wp-json\/wp\/v2\/users\/8"}],"replies":[{"embeddable":true,"href":"https:\/\/corrientesdetarde.com\/index.php\/wp-json\/wp\/v2\/comments?post=137521"}],"version-history":[{"count":1,"href":"https:\/\/corrientesdetarde.com\/index.php\/wp-json\/wp\/v2\/posts\/137521\/revisions"}],"predecessor-version":[{"id":137523,"href":"https:\/\/corrientesdetarde.com\/index.php\/wp-json\/wp\/v2\/posts\/137521\/revisions\/137523"}],"wp:featuredmedia":[{"embeddable":true,"href":"https:\/\/corrientesdetarde.com\/index.php\/wp-json\/wp\/v2\/media\/137522"}],"wp:attachment":[{"href":"https:\/\/corrientesdetarde.com\/index.php\/wp-json\/wp\/v2\/media?parent=137521"}],"wp:term":[{"taxonomy":"category","embeddable":true,"href":"https:\/\/corrientesdetarde.com\/index.php\/wp-json\/wp\/v2\/categories?post=137521"},{"taxonomy":"post_tag","embeddable":true,"href":"https:\/\/corrientesdetarde.com\/index.php\/wp-json\/wp\/v2\/tags?post=137521"}],"curies":[{"name":"wp","href":"https:\/\/api.w.org\/{rel}","templated":true}]}}