{"id":137524,"date":"2024-04-03T15:48:45","date_gmt":"2024-04-03T18:48:45","guid":{"rendered":"https:\/\/corrientesdetarde.com\/?p=137524"},"modified":"2024-04-03T15:49:26","modified_gmt":"2024-04-03T18:49:26","slug":"se-cayo-la-web-para-solicitar-los-vouchers-educativos-cuando-volvera-a-funcionar","status":"publish","type":"post","link":"https:\/\/corrientesdetarde.com\/index.php\/sociales\/se-cayo-la-web-para-solicitar-los-vouchers-educativos-cuando-volvera-a-funcionar\/","title":{"rendered":"Se cay\u00f3 la web para solicitar los Vouchers Educativos: cu\u00e1ndo volver\u00e1 a funcionar"},"content":{"rendered":"\n<p>Desde la ma\u00f1ana de este mi\u00e9rcoles, no funciona el enlace que lleva al formulario donde inscribirse para pedir la ayuda.<\/p>\n\n\n\n<p>El\u00a0<strong>Ministerio de Capital Humano\u00a0<\/strong>lanz\u00f3 hoy el \u00a0Programa de Asistencia Vouchers Educativos, <strong> que consiste en una ayuda\u00a0<\/strong>para acompa\u00f1ar la educaci\u00f3n de ni\u00f1os y j\u00f3venes,\u00a0<strong>de hasta $27.198 por hijo<\/strong>.<\/p>\n\n\n\n<p>Sin embargo, desde hace horas que\u00a0<strong>el enlace para acceder al formulario para inscribirse est\u00e1 ca\u00eddo y no funciona.<\/strong><\/p>\n\n\n\n<p>En redes sociales, muchos&nbsp;<strong>usuarios denunciaron las fallas y demoras en el sistema.<\/strong>&nbsp;Pero desde el Gobierno respondieron que&nbsp;<strong>si se reintenta, se puede ingresar al formulario,&nbsp;<\/strong>y que ya cuentan en la base de datos registro de interesados que consiguieron cargar la informaci\u00f3n.<\/p>\n\n\n\n<figure class=\"wp-block-image\"><img decoding=\"async\" src=\"https:\/\/tn.com.ar\/resizer\/izEiBccz12J7pDsxewVDtjRNbEo=\/767x0\/smart\/filters:format(webp)\/cloudfront-us-east-1.images.arcpublishing.com\/artear\/47O2MCVUKRFZDKTKG24VJGZJEI.PNG\" alt=\"Sigue ca\u00edda la web para solicitar los Vouchers Educativos: cu\u00e1ndo volver\u00e1 a funcionar. (captura: TN Tecno)\"\/><figcaption class=\"wp-element-caption\">Sigue ca\u00edda la web para solicitar los Vouchers Educativos: cu\u00e1ndo volver\u00e1 a funcionar. <\/figcaption><\/figure>\n\n\n\n<p>Para obtener la ayuda, los potenciales beneficiarios deben ingresar en&nbsp;<a href=\"https:\/\/www.argentina.gob.ar\/vouchers-educativos\"><strong>argentina.gob.ar\/vouchers-educativos<\/strong><\/a>&nbsp;y hacer click en Inscripci\u00f3n o acceder directamente desde&nbsp;<a href=\"https:\/\/voucherseducativos.educacion.gob.ar\/\" target=\"_blank\" rel=\"noreferrer noopener\">https:\/\/voucherseducativos.educacion.gob.ar\/<\/a>&nbsp;para completar el formulario.<\/p>\n\n\n\n<p>Por el momento,&nbsp;<strong>no se sabe cu\u00e1ndo volver\u00e1n la web y el formulario a funcionar con normalidad.<\/strong><\/p>\n","protected":false},"excerpt":{"rendered":"<p>Desde la ma\u00f1ana de este mi\u00e9rcoles, no funciona el enlace que lleva al formulario donde inscribirse para pedir la ayuda. El\u00a0Ministerio de Capital Humano\u00a0lanz\u00f3 hoy el \u00a0Programa de Asistencia Vouchers&hellip; <\/p>\n","protected":false},"author":8,"featured_media":137525,"comment_status":"closed","ping_status":"open","sticky":false,"template":"","format":"standard","meta":{"footnotes":""},"categories":[17],"tags":[],"class_list":["post-137524","post","type-post","status-publish","format-standard","has-post-thumbnail","hentry","category-sociales"],"_links":{"self":[{"href":"https:\/\/corrientesdetarde.com\/index.php\/wp-json\/wp\/v2\/posts\/137524","targetHints":{"allow":["GET"]}}],"collection":[{"href":"https:\/\/corrientesdetarde.com\/index.php\/wp-json\/wp\/v2\/posts"}],"about":[{"href":"https:\/\/corrientesdetarde.com\/index.php\/wp-json\/wp\/v2\/types\/post"}],"author":[{"embeddable":true,"href":"https:\/\/corrientesdetarde.com\/index.php\/wp-json\/wp\/v2\/users\/8"}],"replies":[{"embeddable":true,"href":"https:\/\/corrientesdetarde.com\/index.php\/wp-json\/wp\/v2\/comments?post=137524"}],"version-history":[{"count":2,"href":"https:\/\/corrientesdetarde.com\/index.php\/wp-json\/wp\/v2\/posts\/137524\/revisions"}],"predecessor-version":[{"id":137527,"href":"https:\/\/corrientesdetarde.com\/index.php\/wp-json\/wp\/v2\/posts\/137524\/revisions\/137527"}],"wp:featuredmedia":[{"embeddable":true,"href":"https:\/\/corrientesdetarde.com\/index.php\/wp-json\/wp\/v2\/media\/137525"}],"wp:attachment":[{"href":"https:\/\/corrientesdetarde.com\/index.php\/wp-json\/wp\/v2\/media?parent=137524"}],"wp:term":[{"taxonomy":"category","embeddable":true,"href":"https:\/\/corrientesdetarde.com\/index.php\/wp-json\/wp\/v2\/categories?post=137524"},{"taxonomy":"post_tag","embeddable":true,"href":"https:\/\/corrientesdetarde.com\/index.php\/wp-json\/wp\/v2\/tags?post=137524"}],"curies":[{"name":"wp","href":"https:\/\/api.w.org\/{rel}","templated":true}]}}