{"id":137549,"date":"2024-04-03T17:46:46","date_gmt":"2024-04-03T20:46:46","guid":{"rendered":"https:\/\/corrientesdetarde.com\/?p=137549"},"modified":"2024-04-03T17:46:50","modified_gmt":"2024-04-03T20:46:50","slug":"brasil-devalua-el-real-y-le-pone-presion-a-la-estrategia-que-diseno-el-gobierno-sobre-el-dolar","status":"publish","type":"post","link":"https:\/\/corrientesdetarde.com\/index.php\/economia\/brasil-devalua-el-real-y-le-pone-presion-a-la-estrategia-que-diseno-el-gobierno-sobre-el-dolar\/","title":{"rendered":"Brasil deval\u00faa el real y le pone presi\u00f3n a la estrategia que dise\u00f1\u00f3 el Gobierno sobre el d\u00f3lar"},"content":{"rendered":"\n<p>La moneda del pa\u00eds vecino pierde m\u00e1s de 4% contra la divisa estadounidense en lo que va del a\u00f1o, mientras en la Argentina se mantiene la pol\u00edtica de depreciar el peso al ritmo de 2% por mes. El impacto en la econom\u00eda real y en los planes oficiales.<\/p>\n\n\n\n<p>La estrategia cambiaria del Gobierno est\u00e1 afectada por el\u00a0<strong>viento de frente<\/strong>\u00a0en los \u00faltimos d\u00edas. Las monedas de pa\u00edses emergentes como\u00a0<strong>China<\/strong>\u00a0y\u00a0<strong>Brasil<\/strong>, que tienen un gran peso en el comercio internacional argentino, se devaluaron. Eso afecta de manera directa a\u00a0la competitividad del peso,  que se determina -precisamente- en relaci\u00f3n con una canasta integrada por las monedas de pa\u00edses que comercian con la Argentina.<\/p>\n\n\n\n<p>\u201cTanto China como Brasil muestran\u00a0<strong>devaluaciones<\/strong>\u00a0de sus monedas (de forma m\u00e1s marcada Brasil) al igual que varias monedas emergentes. El impacto en lo local de estas decisiones son directas, considerando que, entre estos dos socios, se concentra casi el 50% del intercambio comercial argentino\u201d, se\u00f1al\u00f3 un reporte de\u00a0<em>Aurum<\/em>.<\/p>\n\n\n\n<p>La casa de Bolsa detall\u00f3 que ese movimiento significar\u00e1 una\u00a0<strong>apreciaci\u00f3n en el tipo de cambio real bilateral\u00a0<\/strong>con estos pa\u00edses seguir\u00e1 apreci\u00e1ndose y que eso, por consiguiente, \u201cimpactar\u00e1 en un\u00a0<strong>atraso cambiario<\/strong>\u00a0generalizado\u201d que podr\u00eda disminuir las ventajas de \u201cuna inflaci\u00f3n a la baja, pero con una\u00a0<strong>devaluaci\u00f3n<\/strong>\u00a0muy inferior\u201d.<\/p>\n\n\n\n<figure class=\"wp-block-image\"><img decoding=\"async\" src=\"https:\/\/tn.com.ar\/resizer\/2WZmm7LC7tLcIfJvitaVvCST8Pg=\/767x0\/smart\/filters:format(webp)\/cloudfront-us-east-1.images.arcpublishing.com\/artear\/5TMHRW23TFC6PHZ4CPVYF5O544.jpg\" alt=\"El Gobierno desliza el tipo de cambio oficial al 2% mensual. (Foto: Adobe Stock).\"\/><\/figure>\n\n\n\n<p>Para&nbsp;<strong>Milagros Suardi<\/strong>, economista de&nbsp;<em>Eco Go<\/em>, el movimiento del yuan es m\u00e1s bien marginal y consider\u00f3 que habr\u00e1 que prestarle m\u00e1s atenci\u00f3n a los movimientos del&nbsp;<strong>real<\/strong>. \u201cLa semana pasada cotizaba a 4,98 reales por d\u00f3lar y hoy lleg\u00f3 en un momento a 5,09 reales por d\u00f3lar.&nbsp;<strong>En el a\u00f1o viene perdiendo aproximadamente 4,3%<\/strong>&nbsp;contra el d\u00f3lar\u201d, indic\u00f3.<\/p>\n\n\n\n<p>Con respecto a los efectos de la devaluaci\u00f3n brasile\u00f1a, Suardi consider\u00f3 que los principales impactos est\u00e1n en el\u00a0<strong>comercio exterior<\/strong>. \u201cSi el real se vuelve m\u00e1s barato podr\u00edan\u00a0<strong>sufrir las exportaciones locales\u00a0<\/strong>porque se volver\u00edan m\u00e1s caras en comparaci\u00f3n. Y tambi\u00e9n podr\u00eda\u00a0<strong>bajar la demanda brasile\u00f1a de productos argentinos\u00a0<\/strong>y esto importa porque es nuestro principal socio comercial\u201d, explic\u00f3.<\/p>\n\n\n\n<p>No obstante, indic\u00f3 que esos efectos se ver\u00e1n siempre y cuando la devaluaci\u00f3n de la moneda brasile\u00f1a sea un fen\u00f3meno duradero. \u201cEl real flota y, por eso, se puede depreciar unos d\u00edas y apreciarse otros. Entonces,&nbsp;<strong>impacta si es algo m\u00e1s sostenido en el tiempo<\/strong>&nbsp;y no por fluctuaciones de corto plazo. Especialmente, teniendo en cuenta que la cuenta capital y financiera est\u00e1 cerrada para inversiones de portafolio de corto plazo por el cepo\u201d, sostuvo.<\/p>\n\n\n\n<h2 class=\"wp-block-heading\">Cu\u00e1nto se apreci\u00f3 el peso desde la \u00faltima devaluaci\u00f3n<\/h2>\n\n\n\n<p>Seg\u00fan datos oficiales publicados por el Banco Central (BCRA), el&nbsp;<strong>\u00edndice de tipo de cambio real multilateral (ITCRM)<\/strong>&nbsp;-que indica la apreciaci\u00f3n o depreciaci\u00f3n del peso en relaci\u00f3n con otras monedas- pas\u00f3 de 161 a 103 puntos desde la devaluaci\u00f3n del 13 de diciembre hasta hoy. Esto significa que el peso&nbsp;<strong>se apreci\u00f3 casi un 36%<\/strong>&nbsp;en ese tiempo.<\/p>\n\n\n\n<figure class=\"wp-block-image\"><img decoding=\"async\" src=\"https:\/\/tn.com.ar\/resizer\/YmxEmYiozFmFCP7lektjg2cfZvY=\/767x0\/smart\/filters:format(webp)\/cloudfront-us-east-1.images.arcpublishing.com\/artear\/SOEBVIW45FBCNNRRU5PTI5DAEI.png\" alt=\"El \u00edndice de tipo de cambio real multilateral muestra la competitividad del peso frente a una canasta de monedas internacionales. (Foto: BCRA).\"\/><figcaption class=\"wp-element-caption\">El \u00edndice de tipo de cambio real multilateral muestra la competitividad del peso frente a una canasta de monedas internacionales. (Foto: BCRA).<\/figcaption><\/figure>\n\n\n\n<p>Eso se debe a que el Gobierno, luego de la fuerte suba del tipo de cambio que permiti\u00f3 en diciembre, decidi\u00f3 fijar la&nbsp;<strong>devaluaci\u00f3n mensual en 2%<\/strong>. Aunque muchos analistas cre\u00edan que el Banco Central no iba a tener espalda suficiente para mantener esa pol\u00edtica y comprar reservas, el organismo logr\u00f3 ambas cosas y hace tres meses que mantiene el ritmo de depreciaci\u00f3n anunciado.<\/p>\n\n\n\n<p>\u201cQueda la duda sobre si la din\u00e1mica de apreciaci\u00f3n podr\u00eda terminar siendo un problema en el corto plazo. Tentarse con&nbsp;<strong>planchar el tipo de cambio como ancla inflacionaria<\/strong>&nbsp;ha tenido efectos contraproducentes en el pasado\u201d, advirti\u00f3 la consultora&nbsp;<em>LCG<\/em>&nbsp;en un informe reciente.<\/p>\n","protected":false},"excerpt":{"rendered":"<p>La moneda del pa\u00eds vecino pierde m\u00e1s de 4% contra la divisa estadounidense en lo que va del a\u00f1o, mientras en la Argentina se mantiene la pol\u00edtica de depreciar el&hellip; <\/p>\n","protected":false},"author":8,"featured_media":137550,"comment_status":"closed","ping_status":"open","sticky":false,"template":"","format":"standard","meta":{"footnotes":""},"categories":[20],"tags":[],"class_list":["post-137549","post","type-post","status-publish","format-standard","has-post-thumbnail","hentry","category-economia"],"_links":{"self":[{"href":"https:\/\/corrientesdetarde.com\/index.php\/wp-json\/wp\/v2\/posts\/137549","targetHints":{"allow":["GET"]}}],"collection":[{"href":"https:\/\/corrientesdetarde.com\/index.php\/wp-json\/wp\/v2\/posts"}],"about":[{"href":"https:\/\/corrientesdetarde.com\/index.php\/wp-json\/wp\/v2\/types\/post"}],"author":[{"embeddable":true,"href":"https:\/\/corrientesdetarde.com\/index.php\/wp-json\/wp\/v2\/users\/8"}],"replies":[{"embeddable":true,"href":"https:\/\/corrientesdetarde.com\/index.php\/wp-json\/wp\/v2\/comments?post=137549"}],"version-history":[{"count":1,"href":"https:\/\/corrientesdetarde.com\/index.php\/wp-json\/wp\/v2\/posts\/137549\/revisions"}],"predecessor-version":[{"id":137551,"href":"https:\/\/corrientesdetarde.com\/index.php\/wp-json\/wp\/v2\/posts\/137549\/revisions\/137551"}],"wp:featuredmedia":[{"embeddable":true,"href":"https:\/\/corrientesdetarde.com\/index.php\/wp-json\/wp\/v2\/media\/137550"}],"wp:attachment":[{"href":"https:\/\/corrientesdetarde.com\/index.php\/wp-json\/wp\/v2\/media?parent=137549"}],"wp:term":[{"taxonomy":"category","embeddable":true,"href":"https:\/\/corrientesdetarde.com\/index.php\/wp-json\/wp\/v2\/categories?post=137549"},{"taxonomy":"post_tag","embeddable":true,"href":"https:\/\/corrientesdetarde.com\/index.php\/wp-json\/wp\/v2\/tags?post=137549"}],"curies":[{"name":"wp","href":"https:\/\/api.w.org\/{rel}","templated":true}]}}