{"id":137588,"date":"2024-04-03T21:04:10","date_gmt":"2024-04-04T00:04:10","guid":{"rendered":"https:\/\/corrientesdetarde.com\/?p=137588"},"modified":"2024-04-03T21:04:21","modified_gmt":"2024-04-04T00:04:21","slug":"posse-ira-por-primer-vez-al-senado-para-dar-su-informe-de-gestion","status":"publish","type":"post","link":"https:\/\/corrientesdetarde.com\/index.php\/politica\/posse-ira-por-primer-vez-al-senado-para-dar-su-informe-de-gestion\/","title":{"rendered":"Posse ir\u00e1 por primer vez al Senado para dar su informe de gesti\u00f3n"},"content":{"rendered":"\n<p>Ser\u00e1 la primera vez que el jefe de Gabinete de Javier Milei hable en p\u00fablico desde que asumi\u00f3.<\/p>\n\n\n\n<p>El jefe de Gabinete, Nicol\u00e1s Posse, concurrir\u00e1 a fines de mes en una fecha a confirmar a la C\u00e1mara de Senadora para brindar su primer informe como titular de&nbsp;<br>ministros ante el Congreso nacional.<\/p>\n\n\n\n<p>&#8220;Durante los \u00faltimos d\u00edas del mes de abril el Jefe de Gabinete de Ministros Nicol\u00e1s Posse concurrir\u00e1 al Senado de la Naci\u00f3n a brindar el informe sobre la marcha del gobierno seg\u00fan estipula la Constituci\u00f3n Nacional en su art\u00edculo 101&#8221;, expres\u00f3 el vocero&nbsp;<br>presidencial, Manuel Adorni, en su cuenta de la red social X.&nbsp;<\/p>\n\n\n\n<p>La presencia del jefe de Gabinete del presidente Javier Milei en el Senado concentra la expectativa no solo por todav\u00eda no fue a explicar el rumbo de la gesti\u00f3n en el Parlamento, sino porque ser\u00e1 la primer vez que hable p\u00fablicamente.<\/p>\n\n\n\n<p>A contramano de lo hecho por los funcionarios anteriores que ocuparon ese puesto, Posse es titular de ministros pero no habla con la prensa ni habla con eventos p\u00fablicos.<\/p>\n\n\n\n<p>Por esa raz\u00f3n, su presencia en la C\u00e1mara alta despierta intriga y ser\u00e1n los senadores los que tendr\u00e1n la oportunidad primero de escuchar su exposici\u00f3n y luego de hacerle preguntas.<\/p>\n\n\n\n<p>Tal cual anticip\u00f3 anticip\u00f3 Noticias Argentinas, Posse, un hombre clave en la gesti\u00f3n de Javier Milei, trabaja por estas horas en su primer informe, para rendir cuentas sobre el rumbo de la gesti\u00f3n libertaria.<\/p>\n\n\n\n<p>Con algunos meses de demora, su visita a la C\u00e1mara de Senadores estar\u00e1 marcada por su participaci\u00f3n activa en las negociaciones con gobernadores y bloques legislativos para reactivar la Ley Bases, mejor conocida como Ley \u00d3mnibus, y tras el rechazo del mega DNU en Diputados. &nbsp;<\/p>\n\n\n\n<p>Las presentaciones de los jefes de Gabinete en el Parlamento responden a la exigencia establecida en el art\u00edculo 101 de la Constituci\u00f3n Nacional que determina que el titular de ministros deber\u00e1 &#8220;concurrir al Congreso al menos una vez por mes, alternativamente a cada una de sus C\u00e1maras, para informar de la marcha del gobierno, sin perjuicio de lo dispuesto en el art\u00edculo 71&#8221;.<\/p>\n\n\n\n<p>Fue el diputado de la Uni\u00f3n C\u00edvica Radical, Julio Cobos, quien en febrero present\u00f3 un proyecto para solicitar la presencia de Posse en el Congreso. Iniciativa que fue acompa\u00f1ada por otros del espacio.&nbsp;<\/p>\n\n\n\n<p>&#8220;El 10 de diciembre asumi\u00f3 el presidente Javier Milei. Sin embargo, al d\u00eda de la fecha su jefe de gabinete, Nicol\u00e1s Posse, ha evitado dar declaraciones p\u00fablicas. Informar sobre la marcha del gobierno es un deber republicano establecido constitucionalmente&#8221;,&nbsp;<br>plante\u00f3 el mendocino.<\/p>\n\n\n\n<p>A pesar de su baj\u00edsimo perfil, el jefe de ministros trabaja en las sombras con un gran despliegue de poder a fin de dar garant\u00eda a los principales objetivos del Gobierno.&nbsp;<\/p>\n\n\n\n<p>Entre quienes lo frecuentan cuentan que &#8220;tiene 80 mil quilombos por d\u00eda a los que se les suman otros 80 mil m\u00e1s por minuto&#8221;.<\/p>\n\n\n\n<p>A diferencia de otros en su rol, releg\u00f3 la tarea de vocero en el titular de la cartera de Interior, Guillermo Francos, y se encargan estrictamente de avanzar en el ambicioso plan de desregulaci\u00f3n de la econom\u00eda.<\/p>\n\n\n\n<p>Posse se jacta de haber pasado la motosierra en profundidad en su &#8220;raviol&#8221; y saca chapa de que la Jefatura de Gabinete de Ministros se transform\u00f3 en el \u00e1rea que aplic\u00f3 mayores recortes.&nbsp;<\/p>\n\n\n\n<p>Tanto es as\u00ed que tras la salida de Armando Guibert, la Secretar\u00eda de Transformaci\u00f3n del Estado y Funci\u00f3n P\u00fablica se disolvi\u00f3 y su funci\u00f3n fue absorbida por dos secretarias&nbsp;<br>existentes.<\/p>\n\n\n\n<p>El ingeniero industrial forma parte del segundo c\u00edrculo de extrema confianza del Jefe de Estado, a quien conoce desde tiempos de Corporaci\u00f3n Am\u00e9rica, detr\u00e1s del asesor y estratega Santiago Caputo y la propia Karina Milei.<\/p>\n","protected":false},"excerpt":{"rendered":"<p>Ser\u00e1 la primera vez que el jefe de Gabinete de Javier Milei hable en p\u00fablico desde que asumi\u00f3. El jefe de Gabinete, Nicol\u00e1s Posse, concurrir\u00e1 a fines de mes en&hellip; <\/p>\n","protected":false},"author":4,"featured_media":137592,"comment_status":"closed","ping_status":"open","sticky":false,"template":"","format":"standard","meta":{"footnotes":""},"categories":[3],"tags":[],"class_list":["post-137588","post","type-post","status-publish","format-standard","has-post-thumbnail","hentry","category-politica"],"_links":{"self":[{"href":"https:\/\/corrientesdetarde.com\/index.php\/wp-json\/wp\/v2\/posts\/137588","targetHints":{"allow":["GET"]}}],"collection":[{"href":"https:\/\/corrientesdetarde.com\/index.php\/wp-json\/wp\/v2\/posts"}],"about":[{"href":"https:\/\/corrientesdetarde.com\/index.php\/wp-json\/wp\/v2\/types\/post"}],"author":[{"embeddable":true,"href":"https:\/\/corrientesdetarde.com\/index.php\/wp-json\/wp\/v2\/users\/4"}],"replies":[{"embeddable":true,"href":"https:\/\/corrientesdetarde.com\/index.php\/wp-json\/wp\/v2\/comments?post=137588"}],"version-history":[{"count":1,"href":"https:\/\/corrientesdetarde.com\/index.php\/wp-json\/wp\/v2\/posts\/137588\/revisions"}],"predecessor-version":[{"id":137593,"href":"https:\/\/corrientesdetarde.com\/index.php\/wp-json\/wp\/v2\/posts\/137588\/revisions\/137593"}],"wp:featuredmedia":[{"embeddable":true,"href":"https:\/\/corrientesdetarde.com\/index.php\/wp-json\/wp\/v2\/media\/137592"}],"wp:attachment":[{"href":"https:\/\/corrientesdetarde.com\/index.php\/wp-json\/wp\/v2\/media?parent=137588"}],"wp:term":[{"taxonomy":"category","embeddable":true,"href":"https:\/\/corrientesdetarde.com\/index.php\/wp-json\/wp\/v2\/categories?post=137588"},{"taxonomy":"post_tag","embeddable":true,"href":"https:\/\/corrientesdetarde.com\/index.php\/wp-json\/wp\/v2\/tags?post=137588"}],"curies":[{"name":"wp","href":"https:\/\/api.w.org\/{rel}","templated":true}]}}