{"id":137865,"date":"2024-04-04T15:53:41","date_gmt":"2024-04-04T18:53:41","guid":{"rendered":"https:\/\/corrientesdetarde.com\/?p=137865"},"modified":"2024-04-04T15:53:45","modified_gmt":"2024-04-04T18:53:45","slug":"javier-milei-viajara-a-ushuaia-para-reunirse-con-la-jefa-del-comando-sur-de-estados-unidos","status":"publish","type":"post","link":"https:\/\/corrientesdetarde.com\/index.php\/nacionales\/javier-milei-viajara-a-ushuaia-para-reunirse-con-la-jefa-del-comando-sur-de-estados-unidos\/","title":{"rendered":"Javier Milei viajar\u00e1 a Ushuaia para reunirse con la Jefa del Comando Sur de Estados Unidos"},"content":{"rendered":"\n<p>El mandatario argentino viajar\u00e1 en las pr\u00f3ximas horas a Tierra del Fuego para reforzar la relaci\u00f3n estrat\u00e9gica con Argentina y &#8220;controlar el avance de China en la regi\u00f3n&#8221;.<\/p>\n\n\n\n<p>El presidente<strong>&nbsp;Javier Milei<\/strong>&nbsp;viaja a Ushuaia para reunirse con la jefa del Comando Sur de Estados Unidos,&nbsp;<strong>Laura Richardson,&nbsp;<\/strong>para reforzar la relaci\u00f3n estrat\u00e9gica con Argentina y &#8220;controlar el avance de China en la regi\u00f3n&#8221;.<\/p>\n\n\n\n<p>Las relaciones entre el Gobierno nacional vienen aceitadas con la administraci\u00f3n de Joe Biden porque comparten la preocupaci\u00f3n por el avance territorial de China, con el foco puesto en Argentina, algo que fue alertado por la generala en la \u00faltima presentaci\u00f3n que realiz\u00f3 ante el Capitolio de los Estados Unidos.<\/p>\n\n\n\n<p>Por este motivo,&nbsp;<strong>el Jefe de Estado partir\u00e1 este mi\u00e9rcoles por la tarde desde el sector militar de Aeroparque, acompa\u00f1ado por el ministro de Defensa, Luis Petri, la secretaria General de la Presidencia, Karina Milei, y los jefes de las Fuerzas Armadas.<\/strong><\/p>\n\n\n\n<p>Esta es la tercera visita de la generala Laura Richardson a nuestro pa\u00eds y tiene una abultada agenda, que cont\u00f3 con distintas reuniones y en estos momentos se encuentra en Tierra del Fuego por intenci\u00f3n que tiene China de construir un puerto en dicho territorio que le permitir\u00eda a China monitorear el paso bioce\u00e1nico y poner un enclave propio en las puertas de la Ant\u00e1rtida.<\/p>\n\n\n\n<h2 class=\"wp-block-heading\">La reuni\u00f3n de Luis Petri con la jefa del Comando Sur de Estados Unidos<\/h2>\n\n\n\n<p>El ministro de Defensa,&nbsp;<strong>Luis Petri, recibi\u00f3 a la jefa del Comando Sur de Estados Unidos y&nbsp;<\/strong>al embajador norteamericano,&nbsp;<strong>Marc Stanley,<\/strong>&nbsp;d\u00f3nde hablaron sobre la cooperaci\u00f3n en materia de seguridad regional.<\/p>\n\n\n\n<p>&#8220;Nos visit\u00f3 la general Laura Richardson del Comando Sur de EE. UU. en Buenos Aires. Su visita incluye un momento hist\u00f3rico: la transferencia de un H\u00e9rcules C-130H a nuestra Fuerza A\u00e9rea, s\u00edmbolo de la s\u00f3lida cooperaci\u00f3n bilateral&#8221;, informaron a trav\u00e9s de la cuenta de Twitter oficial del Ministerio de Defensa.<\/p>\n\n\n\n<p>Y agregaron:<strong>&nbsp;&#8220;Este avi\u00f3n ic\u00f3nico, con trayectoria de servicio en 70 pa\u00edses, fortalecer\u00e1 nuestras capacidades. Agradecemos a Estados Unidos por su apoyo continuo, seguimos trabajando juntos en \u00e1reas clave como la ciberdefensa y la preparaci\u00f3n para desastres, construyendo un futuro seguro&#8221;.<\/strong><\/p>\n\n\n\n<p>La generala Laura Richardson tambi\u00e9n tiene agendado un encuentro con el jefe de Gabinete,&nbsp;<strong>Nicol\u00e1s Posse<\/strong>, y el jefe del Estado Mayor Conjunto de las Fuerzas Armadas,&nbsp;<strong>Xavier Isaac<\/strong>, entre otros funcionarios.<\/p>\n\n\n\n<p>Seg\u00fan adelant\u00f3,&nbsp;<strong>su intenci\u00f3n es avanzar en la cooperaci\u00f3n en materia de seguridad regional y &#8220;alertar&#8221; sobre la influencia de China en el continente.&nbsp;<\/strong>Adem\u00e1s, participar\u00e1 en un panel de discusi\u00f3n sobre la integraci\u00f3n de las mujeres en misiones de paz, defensa y seguridad, donde enfatizar\u00e1 la importancia de la inclusi\u00f3n y la diversidad en los esfuerzos de seguridad global, y visitar\u00e1 Ushuaia para interactuar con personal militar local.<\/p>\n\n\n\n<p>La embajada de Estados Unidos en Argentina destac\u00f3 que los fondos aportados por ese pa\u00eds para la cooperaci\u00f3n en materia de seguridad&nbsp;<strong>&#8220;superan los u$s625 millones este a\u00f1o fiscal, centr\u00e1ndose en \u00e1reas clave de inter\u00e9s mutuo, como el desarrollo profesional y de capacidades, la ciberdefensa y la preparaci\u00f3n para desastres&#8221;.<\/strong><\/p>\n","protected":false},"excerpt":{"rendered":"<p>El mandatario argentino viajar\u00e1 en las pr\u00f3ximas horas a Tierra del Fuego para reforzar la relaci\u00f3n estrat\u00e9gica con Argentina y &#8220;controlar el avance de China en la regi\u00f3n&#8221;. El presidente&nbsp;Javier&hellip; <\/p>\n","protected":false},"author":8,"featured_media":137866,"comment_status":"closed","ping_status":"open","sticky":false,"template":"","format":"standard","meta":{"footnotes":""},"categories":[10],"tags":[],"class_list":["post-137865","post","type-post","status-publish","format-standard","has-post-thumbnail","hentry","category-nacionales"],"_links":{"self":[{"href":"https:\/\/corrientesdetarde.com\/index.php\/wp-json\/wp\/v2\/posts\/137865","targetHints":{"allow":["GET"]}}],"collection":[{"href":"https:\/\/corrientesdetarde.com\/index.php\/wp-json\/wp\/v2\/posts"}],"about":[{"href":"https:\/\/corrientesdetarde.com\/index.php\/wp-json\/wp\/v2\/types\/post"}],"author":[{"embeddable":true,"href":"https:\/\/corrientesdetarde.com\/index.php\/wp-json\/wp\/v2\/users\/8"}],"replies":[{"embeddable":true,"href":"https:\/\/corrientesdetarde.com\/index.php\/wp-json\/wp\/v2\/comments?post=137865"}],"version-history":[{"count":1,"href":"https:\/\/corrientesdetarde.com\/index.php\/wp-json\/wp\/v2\/posts\/137865\/revisions"}],"predecessor-version":[{"id":137867,"href":"https:\/\/corrientesdetarde.com\/index.php\/wp-json\/wp\/v2\/posts\/137865\/revisions\/137867"}],"wp:featuredmedia":[{"embeddable":true,"href":"https:\/\/corrientesdetarde.com\/index.php\/wp-json\/wp\/v2\/media\/137866"}],"wp:attachment":[{"href":"https:\/\/corrientesdetarde.com\/index.php\/wp-json\/wp\/v2\/media?parent=137865"}],"wp:term":[{"taxonomy":"category","embeddable":true,"href":"https:\/\/corrientesdetarde.com\/index.php\/wp-json\/wp\/v2\/categories?post=137865"},{"taxonomy":"post_tag","embeddable":true,"href":"https:\/\/corrientesdetarde.com\/index.php\/wp-json\/wp\/v2\/tags?post=137865"}],"curies":[{"name":"wp","href":"https:\/\/api.w.org\/{rel}","templated":true}]}}