{"id":137882,"date":"2024-04-04T18:17:13","date_gmt":"2024-04-04T21:17:13","guid":{"rendered":"https:\/\/corrientesdetarde.com\/?p=137882"},"modified":"2024-04-04T18:17:18","modified_gmt":"2024-04-04T21:17:18","slug":"se-presenta-balance-de-los-40-anos-de-democracia-argentina-traducido-al-braille","status":"publish","type":"post","link":"https:\/\/corrientesdetarde.com\/index.php\/cultura\/se-presenta-balance-de-los-40-anos-de-democracia-argentina-traducido-al-braille\/","title":{"rendered":"Se presenta \u201cBalance de los 40 a\u00f1os de democracia argentina\u201d traducido al braille"},"content":{"rendered":"\n<p>INVESTIGACI\u00d3N RELEVANTE<\/p>\n\n\n\n<p>Este viernes, 5 de abril, a partir de las 9 hs. en la Biblioteca de la Legislatura provincial (Salta 545) se realizar\u00e1 la presentaci\u00f3n oficial del documento elaborado por el senador Noel Breard y que fuera declarado de Inter\u00e9s por la C\u00e1mara de Senadores de Corrientes.<br>El Vicegobernador Pedro Braillard Poccard hace extensiva la invitaci\u00f3n a participar de este acto, donde se compartir\u00e1 el documento que recoge informaci\u00f3n de un momento hist\u00f3rico crucial de nuestro pa\u00eds.<br>Se trata de un trabajo de investigaci\u00f3n y archivo realizado por el senador Breard, un activo participante de los 40 a\u00f1os de democracia de la Argentina y de la provincia de Corrientes.<br>El legislador explic\u00f3 que &#8221; el original fue presentado en la XIII Feria del Libro Provincial, y la traducci\u00f3n al braille fue realizada por la Dra. Mar\u00eda Esperanza Valenzuela (no vidente).<\/p>\n\n\n\n<figure class=\"wp-block-image size-large\"><img loading=\"lazy\" decoding=\"async\" width=\"1024\" height=\"1024\" src=\"https:\/\/corrientesdetarde.com\/wp-content\/uploads\/2024\/04\/WhatsApp-Image-2024-04-04-at-17.25.05_b08e3cda-1024x1024.jpg\" alt=\"\" class=\"wp-image-137883\" srcset=\"https:\/\/corrientesdetarde.com\/wp-content\/uploads\/2024\/04\/WhatsApp-Image-2024-04-04-at-17.25.05_b08e3cda-1024x1024.jpg 1024w, https:\/\/corrientesdetarde.com\/wp-content\/uploads\/2024\/04\/WhatsApp-Image-2024-04-04-at-17.25.05_b08e3cda-300x300.jpg 300w, https:\/\/corrientesdetarde.com\/wp-content\/uploads\/2024\/04\/WhatsApp-Image-2024-04-04-at-17.25.05_b08e3cda-150x150.jpg 150w, https:\/\/corrientesdetarde.com\/wp-content\/uploads\/2024\/04\/WhatsApp-Image-2024-04-04-at-17.25.05_b08e3cda-768x768.jpg 768w, https:\/\/corrientesdetarde.com\/wp-content\/uploads\/2024\/04\/WhatsApp-Image-2024-04-04-at-17.25.05_b08e3cda-1536x1536.jpg 1536w, https:\/\/corrientesdetarde.com\/wp-content\/uploads\/2024\/04\/WhatsApp-Image-2024-04-04-at-17.25.05_b08e3cda.jpg 1562w\" sizes=\"auto, (max-width: 1024px) 100vw, 1024px\" \/><\/figure>\n","protected":false},"excerpt":{"rendered":"<p>INVESTIGACI\u00d3N RELEVANTE Este viernes, 5 de abril, a partir de las 9 hs. en la Biblioteca de la Legislatura provincial (Salta 545) se realizar\u00e1 la presentaci\u00f3n oficial del documento elaborado&hellip; <\/p>\n","protected":false},"author":1,"featured_media":137884,"comment_status":"closed","ping_status":"open","sticky":false,"template":"","format":"standard","meta":{"footnotes":""},"categories":[15,22],"tags":[],"class_list":["post-137882","post","type-post","status-publish","format-standard","has-post-thumbnail","hentry","category-cultura","category-eventos"],"_links":{"self":[{"href":"https:\/\/corrientesdetarde.com\/index.php\/wp-json\/wp\/v2\/posts\/137882","targetHints":{"allow":["GET"]}}],"collection":[{"href":"https:\/\/corrientesdetarde.com\/index.php\/wp-json\/wp\/v2\/posts"}],"about":[{"href":"https:\/\/corrientesdetarde.com\/index.php\/wp-json\/wp\/v2\/types\/post"}],"author":[{"embeddable":true,"href":"https:\/\/corrientesdetarde.com\/index.php\/wp-json\/wp\/v2\/users\/1"}],"replies":[{"embeddable":true,"href":"https:\/\/corrientesdetarde.com\/index.php\/wp-json\/wp\/v2\/comments?post=137882"}],"version-history":[{"count":1,"href":"https:\/\/corrientesdetarde.com\/index.php\/wp-json\/wp\/v2\/posts\/137882\/revisions"}],"predecessor-version":[{"id":137885,"href":"https:\/\/corrientesdetarde.com\/index.php\/wp-json\/wp\/v2\/posts\/137882\/revisions\/137885"}],"wp:featuredmedia":[{"embeddable":true,"href":"https:\/\/corrientesdetarde.com\/index.php\/wp-json\/wp\/v2\/media\/137884"}],"wp:attachment":[{"href":"https:\/\/corrientesdetarde.com\/index.php\/wp-json\/wp\/v2\/media?parent=137882"}],"wp:term":[{"taxonomy":"category","embeddable":true,"href":"https:\/\/corrientesdetarde.com\/index.php\/wp-json\/wp\/v2\/categories?post=137882"},{"taxonomy":"post_tag","embeddable":true,"href":"https:\/\/corrientesdetarde.com\/index.php\/wp-json\/wp\/v2\/tags?post=137882"}],"curies":[{"name":"wp","href":"https:\/\/api.w.org\/{rel}","templated":true}]}}