{"id":137886,"date":"2024-04-04T23:52:27","date_gmt":"2024-04-05T02:52:27","guid":{"rendered":"https:\/\/corrientesdetarde.com\/?p=137886"},"modified":"2024-04-04T23:52:53","modified_gmt":"2024-04-05T02:52:53","slug":"la-dpec-realizara-trabajos-de-mejoras-en-capital-y-el-interior-91","status":"publish","type":"post","link":"https:\/\/corrientesdetarde.com\/index.php\/informacion-general\/la-dpec-realizara-trabajos-de-mejoras-en-capital-y-el-interior-91\/","title":{"rendered":"La DPEC realizar\u00e1 trabajos de mejoras en Capital y el interior"},"content":{"rendered":"\n<p>La Direcci\u00f3n Provincial de Energ\u00eda de Corrientes (DPEC) informa que con motivo de realizar mejoras en el servicio, este viernes, s\u00e1bado, domingo y lunes\u00a0se llevar\u00e1\u00a0adelante diferentes tareas en San Miguel, Loreto, Paso de los Libres y la ciudad Capital, por lo cual se proceder\u00e1 a la interrupci\u00f3n moment\u00e1nea del servicio.<\/p>\n\n\n\n<p>De esta manera, se ejecutar\u00e1n tareas de mantenimiento de L\u00edneas de Media Tensi\u00f3n (LMT), por lo que este viernes se suspender\u00e1 el suministro de energ\u00eda el\u00e9ctrica en San Miguel, Loreto y zonas de influencia. Ser\u00e1 en el horario de 7.30 a 8.30.<\/p>\n\n\n\n<p>Tambi\u00e9n para concretar trabajos de mantenimiento de LMT, este viernes se interrumpir\u00e1 el servicio en determinadas \u00e1reas de la ciudad de Corrientes, de 9 a 13 horas. Los lugares afectados ser\u00e1n los barrios Laguna Soto Sur, Leconte, Santa Teresita 1 y 2, Buena Vista y zonas de influencia.<\/p>\n\n\n\n<p>Mientras que este s\u00e1bado, de 8 a 13 horas, le tocar\u00e1 a los barrios Cremonte, Lomas, Sapucay, La Rinconada y alrededores.<\/p>\n\n\n\n<p>Por \u00faltimo y para ejecutar tareas de mantenimiento de LMT, se cortar\u00e1 la energ\u00eda el\u00e9ctrica en Paso de los Libres. Este viernes y lunes en el horario de 11 a 15, en las&nbsp;zonas de la Ruta Nacional (RN) N\u00b0117, Hip\u00f3dromo, RN 14 entre rutas 117 y 123, RN N\u00b0123, \u00d1ati\u00fa, Santa Juana, San Salvador y La Nueva Esperanza.<\/p>\n\n\n\n<p>Y este s\u00e1bado y domingo de 8 a 12 horas, las \u00e1reas afectadas ser\u00e1n la RN N\u00b0117, zona Hip\u00f3dromo, RN 14 entre rutas 117 y 123, RN N\u00b0123, \u00d1ati\u00fa, Santa Juana, San Salvador y La Nueva Esperanza.<\/p>\n\n\n\n<figure class=\"wp-block-image size-large\"><img loading=\"lazy\" decoding=\"async\" width=\"1024\" height=\"576\" src=\"https:\/\/corrientesdetarde.com\/wp-content\/uploads\/2024\/04\/image-89-1024x576.png\" alt=\"\" class=\"wp-image-137898\" srcset=\"https:\/\/corrientesdetarde.com\/wp-content\/uploads\/2024\/04\/image-89-1024x576.png 1024w, https:\/\/corrientesdetarde.com\/wp-content\/uploads\/2024\/04\/image-89-300x169.png 300w, https:\/\/corrientesdetarde.com\/wp-content\/uploads\/2024\/04\/image-89-768x432.png 768w, https:\/\/corrientesdetarde.com\/wp-content\/uploads\/2024\/04\/image-89-1536x864.png 1536w, https:\/\/corrientesdetarde.com\/wp-content\/uploads\/2024\/04\/image-89.png 1600w\" sizes=\"auto, (max-width: 1024px) 100vw, 1024px\" \/><\/figure>\n\n\n\n<figure class=\"wp-block-image size-large\"><img loading=\"lazy\" decoding=\"async\" width=\"1024\" height=\"576\" src=\"https:\/\/corrientesdetarde.com\/wp-content\/uploads\/2024\/04\/image-90-1024x576.png\" alt=\"\" class=\"wp-image-137899\" srcset=\"https:\/\/corrientesdetarde.com\/wp-content\/uploads\/2024\/04\/image-90-1024x576.png 1024w, https:\/\/corrientesdetarde.com\/wp-content\/uploads\/2024\/04\/image-90-300x169.png 300w, https:\/\/corrientesdetarde.com\/wp-content\/uploads\/2024\/04\/image-90-768x432.png 768w, https:\/\/corrientesdetarde.com\/wp-content\/uploads\/2024\/04\/image-90-1536x864.png 1536w, https:\/\/corrientesdetarde.com\/wp-content\/uploads\/2024\/04\/image-90.png 1600w\" sizes=\"auto, (max-width: 1024px) 100vw, 1024px\" \/><\/figure>\n\n\n\n<figure class=\"wp-block-image size-large\"><img loading=\"lazy\" decoding=\"async\" width=\"1024\" height=\"576\" src=\"https:\/\/corrientesdetarde.com\/wp-content\/uploads\/2024\/04\/image-91-1024x576.png\" alt=\"\" class=\"wp-image-137900\" srcset=\"https:\/\/corrientesdetarde.com\/wp-content\/uploads\/2024\/04\/image-91-1024x576.png 1024w, https:\/\/corrientesdetarde.com\/wp-content\/uploads\/2024\/04\/image-91-300x169.png 300w, https:\/\/corrientesdetarde.com\/wp-content\/uploads\/2024\/04\/image-91-768x432.png 768w, https:\/\/corrientesdetarde.com\/wp-content\/uploads\/2024\/04\/image-91-1536x864.png 1536w, https:\/\/corrientesdetarde.com\/wp-content\/uploads\/2024\/04\/image-91.png 1600w\" sizes=\"auto, (max-width: 1024px) 100vw, 1024px\" \/><\/figure>\n","protected":false},"excerpt":{"rendered":"<p>La Direcci\u00f3n Provincial de Energ\u00eda de Corrientes (DPEC) informa que con motivo de realizar mejoras en el servicio, este viernes, s\u00e1bado, domingo y lunes\u00a0se llevar\u00e1\u00a0adelante diferentes tareas en San Miguel,&hellip; <\/p>\n","protected":false},"author":1,"featured_media":137897,"comment_status":"closed","ping_status":"open","sticky":false,"template":"","format":"standard","meta":{"footnotes":""},"categories":[1],"tags":[],"class_list":["post-137886","post","type-post","status-publish","format-standard","has-post-thumbnail","hentry","category-informacion-general"],"_links":{"self":[{"href":"https:\/\/corrientesdetarde.com\/index.php\/wp-json\/wp\/v2\/posts\/137886","targetHints":{"allow":["GET"]}}],"collection":[{"href":"https:\/\/corrientesdetarde.com\/index.php\/wp-json\/wp\/v2\/posts"}],"about":[{"href":"https:\/\/corrientesdetarde.com\/index.php\/wp-json\/wp\/v2\/types\/post"}],"author":[{"embeddable":true,"href":"https:\/\/corrientesdetarde.com\/index.php\/wp-json\/wp\/v2\/users\/1"}],"replies":[{"embeddable":true,"href":"https:\/\/corrientesdetarde.com\/index.php\/wp-json\/wp\/v2\/comments?post=137886"}],"version-history":[{"count":2,"href":"https:\/\/corrientesdetarde.com\/index.php\/wp-json\/wp\/v2\/posts\/137886\/revisions"}],"predecessor-version":[{"id":137902,"href":"https:\/\/corrientesdetarde.com\/index.php\/wp-json\/wp\/v2\/posts\/137886\/revisions\/137902"}],"wp:featuredmedia":[{"embeddable":true,"href":"https:\/\/corrientesdetarde.com\/index.php\/wp-json\/wp\/v2\/media\/137897"}],"wp:attachment":[{"href":"https:\/\/corrientesdetarde.com\/index.php\/wp-json\/wp\/v2\/media?parent=137886"}],"wp:term":[{"taxonomy":"category","embeddable":true,"href":"https:\/\/corrientesdetarde.com\/index.php\/wp-json\/wp\/v2\/categories?post=137886"},{"taxonomy":"post_tag","embeddable":true,"href":"https:\/\/corrientesdetarde.com\/index.php\/wp-json\/wp\/v2\/tags?post=137886"}],"curies":[{"name":"wp","href":"https:\/\/api.w.org\/{rel}","templated":true}]}}