{"id":137888,"date":"2024-04-04T23:49:58","date_gmt":"2024-04-05T02:49:58","guid":{"rendered":"https:\/\/corrientesdetarde.com\/?p=137888"},"modified":"2024-04-04T23:50:10","modified_gmt":"2024-04-05T02:50:10","slug":"el-gobierno-levanta-trabas-para-la-importacion-de-repelentes-por-30-dias-por-la-alta-demanda","status":"publish","type":"post","link":"https:\/\/corrientesdetarde.com\/index.php\/bienestar-y-salud\/el-gobierno-levanta-trabas-para-la-importacion-de-repelentes-por-30-dias-por-la-alta-demanda\/","title":{"rendered":"El Gobierno levanta trabas para la importaci\u00f3n de repelentes por 30 d\u00edas por la alta demanda"},"content":{"rendered":"\n<p>En medio de r\u00e9cord de contagios y muertes por dengue, el Gobierno decidi\u00f3 levantar trabas a la importaci\u00f3n de repelentes para insectos por la alta demanda y la falta de stock en farmacias y comercios. La administraci\u00f3n de Javier Milei lo anunci\u00f3 a trav\u00e9s de un comunicado. Se les exceptuar\u00e1 el cobro del Impuesto al Valor Agregado (20%) y la retenci\u00f3n del Impuesto a las Ganancias (6%).<\/p>\n\n\n\n<p>As\u00ed, la Administraci\u00f3n Nacional de Medicamentos, Alimentos y Tecnolog\u00eda M\u00e9dica (Anmat) decidi\u00f3 exceptuar su intervenci\u00f3n necesaria para la importaci\u00f3n de repelentes de mosquitos durante 30 d\u00edas\u00a0<strong>&#8220;dado el contexto epidemiol\u00f3gico actual y el consecuente incremento en la demanda&#8221;<\/strong>, seg\u00fan confirmaron fuentes oficiales.<\/p>\n\n\n\n<p>Los productos que entran en esta liberaci\u00f3n son en el formato de aerosol, crema, spray y gel. Adem\u00e1s, se sostiene que la excepci\u00f3n &#8220;regir\u00e1 tanto para el r\u00e9gimen general (importadores con despachos a plaza) como para el r\u00e9gimen particular, de manera que las personas que quieran comprar dichos productos en el exterior podr\u00e1n hacerlo a trav\u00e9s del servicio courier (puerta a puerta) sin necesidad de efectuar tr\u00e1mites adicionales ante el Anmat&#8221;.<\/p>\n","protected":false},"excerpt":{"rendered":"<p>En medio de r\u00e9cord de contagios y muertes por dengue, el Gobierno decidi\u00f3 levantar trabas a la importaci\u00f3n de repelentes para insectos por la alta demanda y la falta de&hellip; <\/p>\n","protected":false},"author":1,"featured_media":137893,"comment_status":"closed","ping_status":"open","sticky":false,"template":"","format":"standard","meta":{"footnotes":""},"categories":[16,20],"tags":[],"class_list":["post-137888","post","type-post","status-publish","format-standard","has-post-thumbnail","hentry","category-bienestar-y-salud","category-economia"],"_links":{"self":[{"href":"https:\/\/corrientesdetarde.com\/index.php\/wp-json\/wp\/v2\/posts\/137888","targetHints":{"allow":["GET"]}}],"collection":[{"href":"https:\/\/corrientesdetarde.com\/index.php\/wp-json\/wp\/v2\/posts"}],"about":[{"href":"https:\/\/corrientesdetarde.com\/index.php\/wp-json\/wp\/v2\/types\/post"}],"author":[{"embeddable":true,"href":"https:\/\/corrientesdetarde.com\/index.php\/wp-json\/wp\/v2\/users\/1"}],"replies":[{"embeddable":true,"href":"https:\/\/corrientesdetarde.com\/index.php\/wp-json\/wp\/v2\/comments?post=137888"}],"version-history":[{"count":1,"href":"https:\/\/corrientesdetarde.com\/index.php\/wp-json\/wp\/v2\/posts\/137888\/revisions"}],"predecessor-version":[{"id":137894,"href":"https:\/\/corrientesdetarde.com\/index.php\/wp-json\/wp\/v2\/posts\/137888\/revisions\/137894"}],"wp:featuredmedia":[{"embeddable":true,"href":"https:\/\/corrientesdetarde.com\/index.php\/wp-json\/wp\/v2\/media\/137893"}],"wp:attachment":[{"href":"https:\/\/corrientesdetarde.com\/index.php\/wp-json\/wp\/v2\/media?parent=137888"}],"wp:term":[{"taxonomy":"category","embeddable":true,"href":"https:\/\/corrientesdetarde.com\/index.php\/wp-json\/wp\/v2\/categories?post=137888"},{"taxonomy":"post_tag","embeddable":true,"href":"https:\/\/corrientesdetarde.com\/index.php\/wp-json\/wp\/v2\/tags?post=137888"}],"curies":[{"name":"wp","href":"https:\/\/api.w.org\/{rel}","templated":true}]}}