{"id":137889,"date":"2024-04-04T23:48:22","date_gmt":"2024-04-05T02:48:22","guid":{"rendered":"https:\/\/corrientesdetarde.com\/?p=137889"},"modified":"2024-04-04T23:48:44","modified_gmt":"2024-04-05T02:48:44","slug":"persiguio-a-ladron-tras-un-robo-y-murio-al-chocar-columna-de-luz","status":"publish","type":"post","link":"https:\/\/corrientesdetarde.com\/index.php\/locales\/persiguio-a-ladron-tras-un-robo-y-murio-al-chocar-columna-de-luz\/","title":{"rendered":"\u00a0Persigui\u00f3 a ladr\u00f3n tras un robo y muri\u00f3 al chocar una columna de luz"},"content":{"rendered":"\n<p><span style=\"color: rgb(50, 50, 50); font-family: roboto, sans-serif, &quot;helvetica neue&quot;, Helvetica, Arial, sans-serif; font-size: 17.6px; white-space-collapse: collapse;\">Esta tarde, pasadas las 16 horas, la polic\u00eda fue alertada sobre un accidente en la intersecci\u00f3n de la avenida 25 de Mayo y Padre Sena. Al llegar, encontraron a Carla Retamoso, de 29 a\u00f1os, inconsciente en la vereda. Aunque se solicit\u00f3 una ambulancia, los m\u00e9dicos confirmaron que no ten\u00eda signos vitales. Lo que parec\u00eda un accidente de tr\u00e1nsito como tantos otros, tom\u00f3 un giro al confirmarse que la v\u00edctima hab\u00eda sufrido un robo minutos antes.\u00a0<\/span><\/p>\n\n\n\n<p>&#8220;Ella iba en una moto a buscar a su hermana, minutos antes la intercepta un ladr\u00f3n en moto y le arrebata su celular. Ella lo empieza a perseguir y cuando estaba cerquita de \u00e9l, se choca contra el domo, en avenida 25 de Mayo y calle Padre Sena, de un sem\u00e1foro. Perdi\u00f3 la vida en el lugar&#8221;, se\u00f1al\u00f3 a Diario Chaco , Candela Valdez, fiscal de Investigaciones Penal N\u00b015.&nbsp;<\/p>\n\n\n\n<p>&nbsp;<br>&nbsp;La fiscal a cargo de la investigaci\u00f3n confirm\u00f3 que ya lograron recopilar varios videos de c\u00e1maras de seguridad y que ya tienen una imagen del presunto autor del hecho que se investiga como &#8220;robo seguido de muerte&#8221;.&nbsp;<\/p>\n\n\n\n<p>El hecho de inseguridad nuevamente recuerda otros episodios que terminaron con consecuencias fatales en la provincia. Ahora, la Polic\u00eda se aboca a la detenci\u00f3n del autor del hecho.<\/p>\n","protected":false},"excerpt":{"rendered":"<p>Esta tarde, pasadas las 16 horas, la polic\u00eda fue alertada sobre un accidente en la intersecci\u00f3n de la avenida 25 de Mayo y Padre Sena. Al llegar, encontraron a Carla&hellip; <\/p>\n","protected":false},"author":1,"featured_media":137890,"comment_status":"closed","ping_status":"open","sticky":false,"template":"","format":"standard","meta":{"footnotes":""},"categories":[8],"tags":[],"class_list":["post-137889","post","type-post","status-publish","format-standard","has-post-thumbnail","hentry","category-locales"],"_links":{"self":[{"href":"https:\/\/corrientesdetarde.com\/index.php\/wp-json\/wp\/v2\/posts\/137889","targetHints":{"allow":["GET"]}}],"collection":[{"href":"https:\/\/corrientesdetarde.com\/index.php\/wp-json\/wp\/v2\/posts"}],"about":[{"href":"https:\/\/corrientesdetarde.com\/index.php\/wp-json\/wp\/v2\/types\/post"}],"author":[{"embeddable":true,"href":"https:\/\/corrientesdetarde.com\/index.php\/wp-json\/wp\/v2\/users\/1"}],"replies":[{"embeddable":true,"href":"https:\/\/corrientesdetarde.com\/index.php\/wp-json\/wp\/v2\/comments?post=137889"}],"version-history":[{"count":2,"href":"https:\/\/corrientesdetarde.com\/index.php\/wp-json\/wp\/v2\/posts\/137889\/revisions"}],"predecessor-version":[{"id":137892,"href":"https:\/\/corrientesdetarde.com\/index.php\/wp-json\/wp\/v2\/posts\/137889\/revisions\/137892"}],"wp:featuredmedia":[{"embeddable":true,"href":"https:\/\/corrientesdetarde.com\/index.php\/wp-json\/wp\/v2\/media\/137890"}],"wp:attachment":[{"href":"https:\/\/corrientesdetarde.com\/index.php\/wp-json\/wp\/v2\/media?parent=137889"}],"wp:term":[{"taxonomy":"category","embeddable":true,"href":"https:\/\/corrientesdetarde.com\/index.php\/wp-json\/wp\/v2\/categories?post=137889"},{"taxonomy":"post_tag","embeddable":true,"href":"https:\/\/corrientesdetarde.com\/index.php\/wp-json\/wp\/v2\/tags?post=137889"}],"curies":[{"name":"wp","href":"https:\/\/api.w.org\/{rel}","templated":true}]}}