{"id":137903,"date":"2024-04-04T23:58:54","date_gmt":"2024-04-05T02:58:54","guid":{"rendered":"https:\/\/corrientesdetarde.com\/?p=137903"},"modified":"2024-04-04T23:59:06","modified_gmt":"2024-04-05T02:59:06","slug":"una-adolescente-de-15-anos-busca-una-familia-que-la-adopte","status":"publish","type":"post","link":"https:\/\/corrientesdetarde.com\/index.php\/sociales\/una-adolescente-de-15-anos-busca-una-familia-que-la-adopte\/","title":{"rendered":"una adolescente de 15 a\u00f1os busca una familia que la adopte"},"content":{"rendered":"\n<p>El Poder Judicial de Corrientes inform\u00f3 este jueves que se abri\u00f3 una convocatoria p\u00fablica&nbsp;para encontrar una familia que adopte a Elena de 15 a\u00f1os de edad.&nbsp;<\/p>\n\n\n\n<p>La joven&nbsp;vive desde hace ocho meses en un Hogar en Corrientes pero ha transitado muchos a\u00f1os de institucionalizaci\u00f3n. En sus ratos libres lee, pinta y hace deportes.<\/p>\n\n\n\n<p>Lo que disfruta much\u00edsimo es jugar con ni\u00f1os y por eso adem\u00e1s de tener una familia, desea poder convertirse en maestra jardinera.<\/p>\n\n\n\n<p>\u201cSiempre me gustaron los chicos, esa inocencia y simpat\u00eda que los caracteriza, por eso quiero estudiar para poder trabajar con ellos\u201d, explic\u00f3.&nbsp;<\/p>\n\n\n\n<p>\u201cQuiero sentir el amor de otras personas y que esas personas me den cari\u00f1o\u201d, sostuvo.&nbsp;<\/p>\n\n\n\n<p>En ese marco, el Juzgado Civil, Comercial, Familia y Adolescencia de Santo Tom\u00e9 a cargo de la doctora Mar\u00eda Dionisia Zovak, secretar\u00eda N\u00b06 a cargo de la doctora Ver\u00f3nica Carolina Garc\u00eda y mediante intervenci\u00f3n del Registro \u00danico de Aspirantes a Guarda con fines adoptivos de Corrientes (RUACtes) llam\u00f3 a convocatoria p\u00fablica.<\/p>\n\n\n\n<p>Es decir que aquellos que quieran incluirla en su vida, no necesitan estar inscriptas en el registro y pueden ser personas de cualquier parte del pa\u00eds.<\/p>\n\n\n\n<p>La familia que quiera adoptarla preferentemente debe ser de Corrientes o zonas cercanas, para que Elena pueda seguir teniendo contacto con sus hermanos.<\/p>\n\n\n\n<p><strong>C\u00f3mo hacer para adoptarla<\/strong><\/p>\n\n\n\n<p>Para inscribirse, los interesados en primer lugar deber\u00e1n descargar el Formulario de Convocatorias P\u00fablicas<a target=\"_blank\" href=\"https:\/\/www.juscorrientes.gov.ar\/rua-ctes\/\" rel=\"noreferrer noopener\">(https:\/\/www.juscorrientes.gov.ar\/rua-ctes).<\/a><\/p>\n\n\n\n<p>Despu\u00e9s, ese formulario lo pueden enviar a:<\/p>\n\n\n\n<p>1) El Juzgado Civil, Comercial, Familia, Ni\u00f1ez y Adolescencia con competencia Administrativa de la Ciudad de Santo Tom\u00e9, al correo: jcivcomyflia-stome@juscorrientes.gov.ar<\/p>\n\n\n\n<p>Se podr\u00e1n hacer consultas tambi\u00e9n en ese juzgado de lunes a viernes de 7 a 13 horas al 03756-429015\/16<\/p>\n\n\n\n<p>2) El formulario tambi\u00e9n lo pueden mandar al Registro \u00danico de Aspirantes a Guarda con Fines Adoptivos de Corrientes (RUACtes-Poder Judicial) al correo: registroadopcion@juscorrientes.gov.ar<\/p>\n\n\n\n<p>Y si quieren consultar algo, tambi\u00e9n lo pueden hacer all\u00ed de lunes a viernes de 7 a 13 horas al Tel\u00e9fono: 03794 \u2013 4104298 o personalmente en Carlos Pellegrini N\u00b0 917 -Entrepiso.<\/p>\n\n\n<div class=\"wp-block-image\">\n<figure class=\"aligncenter is-resized\"><img decoding=\"async\" src=\"https:\/\/pxc.cdn.ellitoral.com.ar\/litoral\/042024\/1712238101309\/elena-afiche-300x300.webp?cw=300&amp;ch=300&amp;extw=jpeg\" alt=\"Corrientes: una adolescente de 15 a\u00f1os busca una familia que la adopte\" style=\"width:486px;height:auto\"\/><\/figure>\n<\/div>","protected":false},"excerpt":{"rendered":"<p>El Poder Judicial de Corrientes inform\u00f3 este jueves que se abri\u00f3 una convocatoria p\u00fablica&nbsp;para encontrar una familia que adopte a Elena de 15 a\u00f1os de edad.&nbsp; La joven&nbsp;vive desde hace&hellip; <\/p>\n","protected":false},"author":1,"featured_media":137912,"comment_status":"closed","ping_status":"open","sticky":false,"template":"","format":"standard","meta":{"footnotes":""},"categories":[17],"tags":[],"class_list":["post-137903","post","type-post","status-publish","format-standard","has-post-thumbnail","hentry","category-sociales"],"_links":{"self":[{"href":"https:\/\/corrientesdetarde.com\/index.php\/wp-json\/wp\/v2\/posts\/137903","targetHints":{"allow":["GET"]}}],"collection":[{"href":"https:\/\/corrientesdetarde.com\/index.php\/wp-json\/wp\/v2\/posts"}],"about":[{"href":"https:\/\/corrientesdetarde.com\/index.php\/wp-json\/wp\/v2\/types\/post"}],"author":[{"embeddable":true,"href":"https:\/\/corrientesdetarde.com\/index.php\/wp-json\/wp\/v2\/users\/1"}],"replies":[{"embeddable":true,"href":"https:\/\/corrientesdetarde.com\/index.php\/wp-json\/wp\/v2\/comments?post=137903"}],"version-history":[{"count":1,"href":"https:\/\/corrientesdetarde.com\/index.php\/wp-json\/wp\/v2\/posts\/137903\/revisions"}],"predecessor-version":[{"id":137913,"href":"https:\/\/corrientesdetarde.com\/index.php\/wp-json\/wp\/v2\/posts\/137903\/revisions\/137913"}],"wp:featuredmedia":[{"embeddable":true,"href":"https:\/\/corrientesdetarde.com\/index.php\/wp-json\/wp\/v2\/media\/137912"}],"wp:attachment":[{"href":"https:\/\/corrientesdetarde.com\/index.php\/wp-json\/wp\/v2\/media?parent=137903"}],"wp:term":[{"taxonomy":"category","embeddable":true,"href":"https:\/\/corrientesdetarde.com\/index.php\/wp-json\/wp\/v2\/categories?post=137903"},{"taxonomy":"post_tag","embeddable":true,"href":"https:\/\/corrientesdetarde.com\/index.php\/wp-json\/wp\/v2\/tags?post=137903"}],"curies":[{"name":"wp","href":"https:\/\/api.w.org\/{rel}","templated":true}]}}