{"id":137914,"date":"2024-04-05T00:00:58","date_gmt":"2024-04-05T03:00:58","guid":{"rendered":"https:\/\/corrientesdetarde.com\/?p=137914"},"modified":"2024-04-05T00:01:10","modified_gmt":"2024-04-05T03:01:10","slug":"fin-de-semana-con-festejo-de-la-penaoficial-actividades-deportivas-y-gastronomia","status":"publish","type":"post","link":"https:\/\/corrientesdetarde.com\/index.php\/eventossociedad\/fin-de-semana-con-festejo-de-la-penaoficial-actividades-deportivas-y-gastronomia\/","title":{"rendered":"Fin de semana con festejo de la Pe\u00f1aOficial, actividades deportivas y gastronom\u00eda"},"content":{"rendered":"\n<p><em>Este fin de semana, nuevamente la Municipalidad de Corrientes ofrecer\u00e1 una amplia oferta de actividades gratuitas que se desarrollar\u00e1n de viernes a domingo para el disfrute de vecinos y turistas. Entre ellas, habr\u00e1 paseos en kayak, marat\u00f3n, patio gastron\u00f3mico y la celebraci\u00f3n por un nuevo aniversario de la pe\u00f1a chamamecera.&nbsp;<\/em><\/p>\n\n\n\n<p>Una vez m\u00e1s, desde la Municipalidad de la ciudad de Corrientes pone a disposici\u00f3n de vecinos y turistas distintas propuestas gratuitas y al aire libre. Las actividades dispuestas desde el viernes al domingo incluyen: ferias, golf croquet, clases de defensa personal, artes marciales, muestras de arte, paseos en kayak, marat\u00f3n, ferias y paseos gastron\u00f3micos.<br><br>Como ya es tradici\u00f3n, la Feria de Artesanos tendr\u00e1 lugar el viernes, de 9 a 22, en la plaza Cabral, en tanto que el s\u00e1bado y domingo se trasladar\u00e1 a la avenida Costanera Sur y calle Las Heras, en el mismo horario. En el lugar se pueden encontrar objetos totalmente artesanales, hechos por manos correntinas.<br><br>Tambi\u00e9n el viernes habr\u00e1 Golf Croquet en el parque Camba Cu\u00e1 (San Luis y 9 de Julio), de 8 a 9.30.<br><br>En tanto, de 17 a 18, en el Club Atl\u00e9tico Alvear Corrientes -ubicado en Jos\u00e9 Mar\u00eda Rol\u00f3n 1800- se brindar\u00e1n clases de defensa personal con el grupo \u201c\u00c1ngeles de mi Tierra\u201d, personas con discapacidad y abierto a todo aquel que quiera sumarse. \u00a0 \u00a0 \u00a0 \u00a0 \u00a0 \u00a0 \u00a0 \u00a0 \u00a0 \u00a0 \u00a0 \u00a0 \u00a0 \u00a0 \u00a0 \u00a0 \u00a0 \u00a0 \u00a0 \u00a0 \u00a0 \u00a0 \u00a0 \u00a0 \u00a0 \u00a0 \u00a0 \u00a0 \u00a0 \u00a0 \u00a0 \u00a0 \u00a0 \u00a0 \u00a0 \u00a0 \u00a0 \u00a0 \u00a0 \u00a0 \u00a0 \u00a0 \u00a0 \u00a0 \u00a0 \u00a0 \u00a0 \u00a0 \u00a0<br><br>A las 20, se inaugurar\u00e1 la muestra \u201cEl Mensaje de InspirArte\u201d de Patricia &#8216;Mumi&#8217; Willis en el Centro Cultural Adolfo Mors. Permanecer\u00e1 abierta al p\u00fablico hasta el 26 de abril y los horarios de visita son: lunes a viernes de 8 a 12 y de 16 a 20 y s\u00e1bados, domingos y feriados de 8 a 21.<\/p>\n\n\n\n<figure class=\"wp-block-image size-large\"><img loading=\"lazy\" decoding=\"async\" width=\"1024\" height=\"682\" src=\"https:\/\/corrientesdetarde.com\/wp-content\/uploads\/2024\/04\/image-93-1024x682.png\" alt=\"\" class=\"wp-image-137916\" srcset=\"https:\/\/corrientesdetarde.com\/wp-content\/uploads\/2024\/04\/image-93-1024x682.png 1024w, https:\/\/corrientesdetarde.com\/wp-content\/uploads\/2024\/04\/image-93-300x200.png 300w, https:\/\/corrientesdetarde.com\/wp-content\/uploads\/2024\/04\/image-93-768x512.png 768w, https:\/\/corrientesdetarde.com\/wp-content\/uploads\/2024\/04\/image-93.png 1280w\" sizes=\"auto, (max-width: 1024px) 100vw, 1024px\" \/><\/figure>\n\n\n\n<p><br><br>KAYAK, ARTES MARCIALES Y DANZA<br><br>Por otra parte, el s\u00e1bado 6 de abril, de 16 a 19, se realizar\u00e1 la traves\u00eda en kayak \u201cUniendo Playas\u201d, desde la Av. Costanera Juan Pablo II y General Paz. Esta actividad, totalmente gratuita, se realiza adem\u00e1s los s\u00e1bados 13, 20 y 27 de abril.<br><br>De 20 a 2, se desarrollar\u00e1 la Batalla del Puente \u201cArtes Marciales Mixtas\u201d en el Club B\u00e1squetbol C\u00f3rdoba ubicado en Catamarca 1091.<br><br>A partir de las 19, en la plaza La Tradici\u00f3n del barrio San Ger\u00f3nimo se llevar\u00e1 adelante una nueva edici\u00f3n de \u201cA Bailar en los barrios\u201d y, a las 20, el \u00a0\u201cIbera Chic: Moda en el Chamame\u201d tendr\u00e1 lugar en el predio del anfiteatro Jos\u00e9 Hern\u00e1ndez.<br><br>MARTAR\u00d3N, GASTRONOM\u00cdA Y PE\u00d1A\u00a0<br><br>El domingo nuevamente la avenida Costanera Juan Pablo II y Lamadrid ser\u00e1 el punto de partida de la Marat\u00f3n &#8216;Desaf\u00edo 7 Puntas\u2019, desde las 7.30, con distancias de 21k \u00a0\/ 10k \/ 5k \u00a0(Competitiva) \u00a0y 2 k (Participativa inclusiva). Para informaci\u00f3n sobre inscripciones consultar al: 3794-770588.<br><br>Desde las 9, adem\u00e1s se realizar\u00e1 la Competencia de Salvamento &#8216;Acu\u00e1tico Deportivo&#8217; en la playa Arazaty I. Actividad que se realiza \u00edntegramente con el plantel de guardavidas del municipio capitalino.<br><br>De 18 a 22, en el paseo de Av. Costanera General San Mart\u00edn y Carlos Pellegrini se llevar\u00e1 adelante \u201cCiudad de Dise\u00f1o\u201d con productos creativos hechos por emprendedores locales de dise\u0148o, textiles, tejidos, did\u00e1cticos, entre otros. Habr\u00e1 adem\u00e1s expositores gastron\u00f3micos.<br><br>Asimismo, desde las 18 y hasta la medianoche, se desarrollar\u00e1 el Patio Gastron\u00f3mico en el parque Camba Cu\u00e1 (Chaco y Carlos Pellegrini).<br><br>El fin de semana de propuestas cerrar\u00e1 el domingo, desde las 19, con el festejo por un nuevo aniversario de la tradicional Pe\u00f1a Oficial de la Ciudad. La misma se llevar\u00e1 adelante en la Rotonda Plaza Espa\u00f1a (Av. Pujol y Carlos Pellegrini) con la presentaci\u00f3n de importantes grupos chamameceros, y el acompa\u00f1amiento de emprendedores y gastron\u00f3micos.\u00a0<br><br>PLAYAS P\u00daBLICAS<br><br>Durante este fin de semana, estar\u00e1n habilitados, de 8 a 20, todos los balnearios capitalinos: Arazaty I, Arazaty II, Malvinas I, Malvinas II (tambi\u00e9n el paseo balneario recreativo exclusivo para canes) y Molina Punta.<br><br>Vale recordar que el horario de servicio de ba\u00f1os p\u00fablicos es en: Arazaty I, de 8 a 24; en Arazaty II, de 8 a 22; en Malvinas I, de 8 a 23; en Malvinas II y Molina Punta, de 8 a 20.<\/p>\n\n\n\n<figure class=\"wp-block-image size-large\"><img loading=\"lazy\" decoding=\"async\" width=\"819\" height=\"1024\" src=\"https:\/\/corrientesdetarde.com\/wp-content\/uploads\/2024\/04\/image-92-819x1024.png\" alt=\"\" class=\"wp-image-137915\" srcset=\"https:\/\/corrientesdetarde.com\/wp-content\/uploads\/2024\/04\/image-92-819x1024.png 819w, https:\/\/corrientesdetarde.com\/wp-content\/uploads\/2024\/04\/image-92-240x300.png 240w, https:\/\/corrientesdetarde.com\/wp-content\/uploads\/2024\/04\/image-92-768x960.png 768w, https:\/\/corrientesdetarde.com\/wp-content\/uploads\/2024\/04\/image-92.png 1024w\" sizes=\"auto, (max-width: 819px) 100vw, 819px\" \/><\/figure>\n","protected":false},"excerpt":{"rendered":"<p>Este fin de semana, nuevamente la Municipalidad de Corrientes ofrecer\u00e1 una amplia oferta de actividades gratuitas que se desarrollar\u00e1n de viernes a domingo para el disfrute de vecinos y turistas.&hellip; <\/p>\n","protected":false},"author":1,"featured_media":137917,"comment_status":"closed","ping_status":"open","sticky":false,"template":"","format":"standard","meta":{"footnotes":""},"categories":[1208],"tags":[],"class_list":["post-137914","post","type-post","status-publish","format-standard","has-post-thumbnail","hentry","category-eventossociedad"],"_links":{"self":[{"href":"https:\/\/corrientesdetarde.com\/index.php\/wp-json\/wp\/v2\/posts\/137914","targetHints":{"allow":["GET"]}}],"collection":[{"href":"https:\/\/corrientesdetarde.com\/index.php\/wp-json\/wp\/v2\/posts"}],"about":[{"href":"https:\/\/corrientesdetarde.com\/index.php\/wp-json\/wp\/v2\/types\/post"}],"author":[{"embeddable":true,"href":"https:\/\/corrientesdetarde.com\/index.php\/wp-json\/wp\/v2\/users\/1"}],"replies":[{"embeddable":true,"href":"https:\/\/corrientesdetarde.com\/index.php\/wp-json\/wp\/v2\/comments?post=137914"}],"version-history":[{"count":1,"href":"https:\/\/corrientesdetarde.com\/index.php\/wp-json\/wp\/v2\/posts\/137914\/revisions"}],"predecessor-version":[{"id":137918,"href":"https:\/\/corrientesdetarde.com\/index.php\/wp-json\/wp\/v2\/posts\/137914\/revisions\/137918"}],"wp:featuredmedia":[{"embeddable":true,"href":"https:\/\/corrientesdetarde.com\/index.php\/wp-json\/wp\/v2\/media\/137917"}],"wp:attachment":[{"href":"https:\/\/corrientesdetarde.com\/index.php\/wp-json\/wp\/v2\/media?parent=137914"}],"wp:term":[{"taxonomy":"category","embeddable":true,"href":"https:\/\/corrientesdetarde.com\/index.php\/wp-json\/wp\/v2\/categories?post=137914"},{"taxonomy":"post_tag","embeddable":true,"href":"https:\/\/corrientesdetarde.com\/index.php\/wp-json\/wp\/v2\/tags?post=137914"}],"curies":[{"name":"wp","href":"https:\/\/api.w.org\/{rel}","templated":true}]}}