{"id":137935,"date":"2024-04-05T08:32:05","date_gmt":"2024-04-05T11:32:05","guid":{"rendered":"https:\/\/corrientesdetarde.com\/?p=137935"},"modified":"2024-04-05T10:30:09","modified_gmt":"2024-04-05T13:30:09","slug":"venganza-por-un-robo-seria-causa-de-un-homicidio-en-la-via-publica","status":"publish","type":"post","link":"https:\/\/corrientesdetarde.com\/index.php\/locales\/venganza-por-un-robo-seria-causa-de-un-homicidio-en-la-via-publica\/","title":{"rendered":"Venganza por un robo ser\u00eda causa de un homicidio en la v\u00eda p\u00fablica"},"content":{"rendered":"\n<p>El automovilista acusado de matar de un balazo en el pecho a un presunto ladr\u00f3n en la capital correntina result\u00f3 detenido por la Polic\u00eda a menos de 12 horas de ocurrido el crimen.<\/p>\n\n\n\n<p>Se trata de un comerciante que supuestamente cometi\u00f3 el homicidio en venganza por un robo sufrido en su vivienda y del que culpaba a los dos hombres que agredi\u00f3 a tiros en la v\u00eda p\u00fablica, uno de los cuales result\u00f3 ileso.<\/p>\n\n\n\n<p>Por el asesinato de \u00c1ngel Emanuel Ponce, de 32 a\u00f1os, fue apresado Roberto Carlos R., de igual edad, quien no pose\u00eda antecedente penal alguno.<\/p>\n\n\n\n<p>La captura del sindicado homicida se produjo antes de la medianoche del mi\u00e9rcoles en zona del barrio Parque Ingeniero Serantes y a manos de un grupo investigativo de la Unidad Especial Antiarrebatos.<\/p>\n\n\n\n<p>Ayer, en tanto, con sendas \u00f3rdenes judiciales las autoridades de la Comisar\u00eda Decimoctava allanaron dos viviendas en los barrios Paloma de la Paz e Irup\u00e9, propiedad del supuesto tirador y de su suegro, respectivamente. Para tal fin contaron con el apoyo de las Divisiones Infanter\u00eda y Polic\u00eda de Alto Riesgo.<\/p>\n\n\n\n<p>Como resultado de ambos procedimientos secuestraron el autom\u00f3vil Volkswagen Gol rojo desde el que se habr\u00edan realizado los disparos y el arma de fuego: un rev\u00f3lver calibre 22 corto marca Pasper.<\/p>\n\n\n\n<figure class=\"wp-block-image\"><img decoding=\"async\" src=\"https:\/\/www.diarioepoca.com\/content\/bucket\/1\/1356101w380h338c.jpg.webp\" alt=\"\"\/><\/figure>\n\n\n\n<p>Para la fuerza de seguridad el caso estar\u00eda completamente esclarecido. Al parecer, Roberto R. actu\u00f3 por su cuenta y sin complicidad de un tercero, como sospechaban en un principio.<\/p>\n\n\n\n<p>Ponce sufri\u00f3 el impacto de un balazo en el t\u00f3rax delante de su amigo identificado como Mart\u00edn David M. V., alias &#8220;Martincito&#8221;, de 24 a\u00f1os, en la intersecci\u00f3n de las calles Yugoslavia y Cerde\u00f1a, l\u00edmite entre los barrios 17 de Agosto y San Marcelo.<\/p>\n\n\n\n<p>Con el avance de la pesquisa trascendi\u00f3 la supuesta motivaci\u00f3n de Roberto R. para disparar contra ambas personas que caminaban en la v\u00eda p\u00fablica.<\/p>\n\n\n\n<p>Presuntamente el comerciante fue v\u00edctima el fin de semana de un delito de robo contra su propiedad. De averiguaciones personales supo, o le dijeron, que los ladrones que entraron a su domicilio fueron Ponce y &#8220;Martincito&#8221;.<\/p>\n\n\n\n<p>El damnificado acudi\u00f3 a la comisar\u00eda, aport\u00f3 datos que consigui\u00f3 de forma extraoficial y no habr\u00eda obtenido respuestas. Entonces, decidido a actuar por su cuenta y cobrar venganza, sigui\u00f3 los pasos de ambos sospechosos del il\u00edcito hasta dar con ellos el mi\u00e9rcoles a las 14.<\/p>\n\n\n\n<p>Despu\u00e9s de acercarse en su auto, baj\u00f3 uno de los cristales y desde el asiento del conductor efectu\u00f3 varias detonaciones.<\/p>\n\n\n\n<p>&#8220;Martincito&#8221; y Ponce corrieron. Sin embargo, este \u00faltimo cay\u00f3 a los pocos metros producto de una herida en el pecho. M\u00e1s tarde muri\u00f3 en el Hospital Escuela.<\/p>\n\n\n\n<p>El hombre ultimado contaba con antecedentes penales relacionados a un &#8220;robo simple en grado de tentativa&#8221; y a &#8220;lesiones graves&#8221;. En la actualidad figuraba mencionado en una solicitud de detenci\u00f3n, precisamente por una de esas causas.<\/p>\n\n\n\n<p>En tanto, &#8220;Martincito&#8221; cuenta con prontuario de robos y hurtos.<\/p>\n\n\n\n<p>Sin embargo, en el caso del crimen aparece mencionado como testigo.<\/p>\n\n\n\n<p>En la causa de homicidio simple interviene la Unidad Fiscal de Investigaciones Concretas a cargo de Mar\u00eda Andrea Gonz\u00e1lez.<\/p>\n","protected":false},"excerpt":{"rendered":"<p>El automovilista acusado de matar de un balazo en el pecho a un presunto ladr\u00f3n en la capital correntina result\u00f3 detenido por la Polic\u00eda a menos de 12 horas de&hellip; <\/p>\n","protected":false},"author":12,"featured_media":137937,"comment_status":"closed","ping_status":"open","sticky":false,"template":"","format":"standard","meta":{"footnotes":""},"categories":[8,33],"tags":[],"class_list":["post-137935","post","type-post","status-publish","format-standard","has-post-thumbnail","hentry","category-locales","category-policiales"],"_links":{"self":[{"href":"https:\/\/corrientesdetarde.com\/index.php\/wp-json\/wp\/v2\/posts\/137935","targetHints":{"allow":["GET"]}}],"collection":[{"href":"https:\/\/corrientesdetarde.com\/index.php\/wp-json\/wp\/v2\/posts"}],"about":[{"href":"https:\/\/corrientesdetarde.com\/index.php\/wp-json\/wp\/v2\/types\/post"}],"author":[{"embeddable":true,"href":"https:\/\/corrientesdetarde.com\/index.php\/wp-json\/wp\/v2\/users\/12"}],"replies":[{"embeddable":true,"href":"https:\/\/corrientesdetarde.com\/index.php\/wp-json\/wp\/v2\/comments?post=137935"}],"version-history":[{"count":1,"href":"https:\/\/corrientesdetarde.com\/index.php\/wp-json\/wp\/v2\/posts\/137935\/revisions"}],"predecessor-version":[{"id":137938,"href":"https:\/\/corrientesdetarde.com\/index.php\/wp-json\/wp\/v2\/posts\/137935\/revisions\/137938"}],"wp:featuredmedia":[{"embeddable":true,"href":"https:\/\/corrientesdetarde.com\/index.php\/wp-json\/wp\/v2\/media\/137937"}],"wp:attachment":[{"href":"https:\/\/corrientesdetarde.com\/index.php\/wp-json\/wp\/v2\/media?parent=137935"}],"wp:term":[{"taxonomy":"category","embeddable":true,"href":"https:\/\/corrientesdetarde.com\/index.php\/wp-json\/wp\/v2\/categories?post=137935"},{"taxonomy":"post_tag","embeddable":true,"href":"https:\/\/corrientesdetarde.com\/index.php\/wp-json\/wp\/v2\/tags?post=137935"}],"curies":[{"name":"wp","href":"https:\/\/api.w.org\/{rel}","templated":true}]}}