{"id":137942,"date":"2024-04-05T09:39:29","date_gmt":"2024-04-05T12:39:29","guid":{"rendered":"https:\/\/corrientesdetarde.com\/?p=137942"},"modified":"2024-04-05T09:39:40","modified_gmt":"2024-04-05T12:39:40","slug":"alerta-amarilla-por-tormentas-que-provincias-estan-afectadas-este-viernes-5-de-abril","status":"publish","type":"post","link":"https:\/\/corrientesdetarde.com\/index.php\/informacion-general\/alerta-amarilla-por-tormentas-que-provincias-estan-afectadas-este-viernes-5-de-abril\/","title":{"rendered":"Alerta amarilla por tormentas: qu\u00e9 provincias est\u00e1n afectadas este viernes 5 de abril"},"content":{"rendered":"\n<p>El<strong>Servicio Meteorol\u00f3gico Nacional<\/strong>emiti\u00f3 una\u00a0<strong>alerta amarilla por tormentas<\/strong>\u00a0en las provincias de\u00a0<strong>Chaco<\/strong>,\u00a0<strong>Corrientes\u00a0<\/strong>y\u00a0<strong>Formosa\u00a0<\/strong>para la ma\u00f1ana de este viernes 5 de abril.<\/p>\n\n\n\n<p>El \u00e1rea ser\u00e1 afectada por\u00a0<strong>tormentas<\/strong>, algunas localmente fuertes. Las mismas podr\u00e1n estar acompa\u00f1adas por\u00a0<strong>r\u00e1fagas intensas<\/strong>, importante\u00a0<strong>actividad el\u00e9ctrica<\/strong>, ocasional ca\u00edda de\u00a0<strong>granizo\u00a0<\/strong>y principalmente<strong>\u00a0abundante ca\u00edda de agua en cortos per\u00edodos<\/strong>. Se estiman valores de precipitaci\u00f3n acumulada entre<strong>\u00a040 y 70 mm<\/strong>, pudiendo ser superados en forma puntual.<\/p>\n\n\n\n<figure class=\"wp-block-image\"><img decoding=\"async\" src=\"https:\/\/tn.com.ar\/resizer\/YwU_V1jnhB1QJV8nbKj8t-45tCA=\/767x0\/smart\/filters:format(webp)\/cloudfront-us-east-1.images.arcpublishing.com\/artear\/OGPTZWVGUFHXRCLKYDYXSTFWOY.png\" alt=\"Alerta amarilla por tormentas (Foto: SMN).\"\/><figcaption class=\"wp-element-caption\">Alerta amarilla por tormentas (Foto: SMN).<\/figcaption><\/figure>\n\n\n\n<h2 class=\"wp-block-heading\">Referencias<\/h2>\n\n\n\n<p><strong>Nivel rojo<\/strong>: se esperan fen\u00f3menos meteorol\u00f3gicos excepcionales con potencial de provocar emergencias o desastres.<\/p>\n\n\n\n<p><strong>Nivel naranja<\/strong>: se esperan fen\u00f3menos meteorol\u00f3gicos peligrosos para la sociedad, la vida, los bienes y el medio ambiente.<\/p>\n\n\n\n<p><strong>Nivel amarillo<\/strong>: posibles fen\u00f3menos meteorol\u00f3gicos con capacidad de da\u00f1o y riesgo de interrupci\u00f3n moment\u00e1nea de actividades cotidianas.<\/p>\n\n\n\n<p><strong>Nivel verde<\/strong>: no se esperan fen\u00f3menos meteorol\u00f3gicos que impliquen riesgos.<\/p>\n\n\n\n<h2 class=\"wp-block-heading\">Recomendaciones para una alerta amarilla por tormentas<\/h2>\n\n\n\n<ul class=\"wp-block-list\">\n<li>No saques la basura. Retir\u00e1 objetos que impidan que el agua escurra.<\/li>\n\n\n\n<li>Evit\u00e1 actividades al aire libre.<\/li>\n\n\n\n<li>No te refugies cerca de \u00e1rboles y postes de electricidad que puedan caerse.<\/li>\n\n\n\n<li>Para minimizar el riesgo de ser alcanzado por un rayo, no permanezcas en playas, r\u00edos, lagunas o piletas.<\/li>\n\n\n\n<li>Estate atento ante la posible ca\u00edda de granizo.<\/li>\n\n\n\n<li>Informate por las autoridades. Ten\u00e9 siempre lista una mochila de emergencias con linterna, radio, documentos y tel\u00e9fono.<\/li>\n<\/ul>\n","protected":false},"excerpt":{"rendered":"<p>ElServicio Meteorol\u00f3gico Nacionalemiti\u00f3 una\u00a0alerta amarilla por tormentas\u00a0en las provincias de\u00a0Chaco,\u00a0Corrientes\u00a0y\u00a0Formosa\u00a0para la ma\u00f1ana de este viernes 5 de abril. El \u00e1rea ser\u00e1 afectada por\u00a0tormentas, algunas localmente fuertes. Las mismas podr\u00e1n estar&hellip; <\/p>\n","protected":false},"author":12,"featured_media":137958,"comment_status":"closed","ping_status":"open","sticky":false,"template":"","format":"standard","meta":{"footnotes":""},"categories":[29,1],"tags":[],"class_list":["post-137942","post","type-post","status-publish","format-standard","has-post-thumbnail","hentry","category-clima","category-informacion-general"],"_links":{"self":[{"href":"https:\/\/corrientesdetarde.com\/index.php\/wp-json\/wp\/v2\/posts\/137942","targetHints":{"allow":["GET"]}}],"collection":[{"href":"https:\/\/corrientesdetarde.com\/index.php\/wp-json\/wp\/v2\/posts"}],"about":[{"href":"https:\/\/corrientesdetarde.com\/index.php\/wp-json\/wp\/v2\/types\/post"}],"author":[{"embeddable":true,"href":"https:\/\/corrientesdetarde.com\/index.php\/wp-json\/wp\/v2\/users\/12"}],"replies":[{"embeddable":true,"href":"https:\/\/corrientesdetarde.com\/index.php\/wp-json\/wp\/v2\/comments?post=137942"}],"version-history":[{"count":1,"href":"https:\/\/corrientesdetarde.com\/index.php\/wp-json\/wp\/v2\/posts\/137942\/revisions"}],"predecessor-version":[{"id":137959,"href":"https:\/\/corrientesdetarde.com\/index.php\/wp-json\/wp\/v2\/posts\/137942\/revisions\/137959"}],"wp:featuredmedia":[{"embeddable":true,"href":"https:\/\/corrientesdetarde.com\/index.php\/wp-json\/wp\/v2\/media\/137958"}],"wp:attachment":[{"href":"https:\/\/corrientesdetarde.com\/index.php\/wp-json\/wp\/v2\/media?parent=137942"}],"wp:term":[{"taxonomy":"category","embeddable":true,"href":"https:\/\/corrientesdetarde.com\/index.php\/wp-json\/wp\/v2\/categories?post=137942"},{"taxonomy":"post_tag","embeddable":true,"href":"https:\/\/corrientesdetarde.com\/index.php\/wp-json\/wp\/v2\/tags?post=137942"}],"curies":[{"name":"wp","href":"https:\/\/api.w.org\/{rel}","templated":true}]}}