{"id":137943,"date":"2024-04-05T09:37:44","date_gmt":"2024-04-05T12:37:44","guid":{"rendered":"https:\/\/corrientesdetarde.com\/?p=137943"},"modified":"2024-04-05T09:37:56","modified_gmt":"2024-04-05T12:37:56","slug":"una-companera-todo-terreno-el-triste-final-de-la-pareja-argentina-que-viajo-a-paris-y-murio-en-un-accidente","status":"publish","type":"post","link":"https:\/\/corrientesdetarde.com\/index.php\/internacionales\/una-companera-todo-terreno-el-triste-final-de-la-pareja-argentina-que-viajo-a-paris-y-murio-en-un-accidente\/","title":{"rendered":"\u201cUna compa\u00f1era todo terreno\u201d: el triste final de la pareja argentina que viaj\u00f3 a Paris y muri\u00f3 en un accidente"},"content":{"rendered":"\n<p>Este s\u00e1bado por la noche, un\u00a0<strong>accidente automovil\u00edstico se cobr\u00f3 la vida de una joven pareja de sanjuaninos que viv\u00edan en Francia<\/strong>\u00a0y gener\u00f3 conmoci\u00f3n. El siniestro ocurri\u00f3 en la comuna Tilloy-et-Bellay al ser impactados por otro veh\u00edculo, que seg\u00fan trascendi\u00f3\u00a0<strong>el conductor iba alcoholizado<\/strong>.<\/p>\n\n\n\n<p>En el auto que sufri\u00f3 el choque, viajaban\u00a0<strong>Noelia Maldonado<\/strong>,<strong>\u00a0Emiliano Pennice<\/strong>\u00a0y\u00a0<strong>Juan Francisco D\u00edaz<\/strong>, un amigo de la pareja que sobrevivi\u00f3 y s\u00f3lo sufri\u00f3 una fractura en el brazo.<\/p>\n\n\n\n<p>La familia de Pennice viaj\u00f3 a Francia para acompa\u00f1arlo, pero tras la tr\u00e1gica noticia de su muerte, confirmaron que tanto \u00e9l como su novia ser\u00e1n cremados y trasladados en San Juan para que descansen juntos.<\/p>\n\n\n\n<h2 class=\"wp-block-heading\">Qui\u00e9nes eran Noelia y Emiliano, la pareja de sanjuaninos que muri\u00f3 en un accidente en Francia<\/h2>\n\n\n\n<p>Emiliano Pennice ten\u00eda 31 a\u00f1os y estaba en pareja con Noelia Maldonado de 32. Ambos eran de San Juan y<strong>&nbsp;se hab\u00edan mudado hace cuatro meses a Europa en busca de nuevas oportunidades<\/strong>. De acuerdo a lo que \u00e9l publicaba en sus redes sociales, ambos eran aventureros y les gustaba viajar. \u201cEl sue\u00f1o del pibe se ha cumplido: Una compa\u00f1era de vida todo terreno\u201d, escribi\u00f3 en un posteo en una ocasi\u00f3n.<\/p>\n\n\n\n<figure class=\"wp-block-image\"><img decoding=\"async\" src=\"https:\/\/tn.com.ar\/resizer\/sQ7cT_48MHDDsxjiSdwt_LcrMK0=\/767x0\/smart\/filters:format(webp)\/cloudfront-us-east-1.images.arcpublishing.com\/artear\/T6FSNUJOT5DXJOD5SYQYQS2KRI.PNG\" alt=\"Emiliano y Noelia viajaron a Europa hace cuatro meses en busca de nuevas oportunidades. (Foto: Facebook Emiliano Pennice)\"\/><figcaption class=\"wp-element-caption\">Emiliano y Noelia viajaron a Europa hace cuatro meses en busca de nuevas oportunidades. (Foto: Facebook Emiliano Pennice)<\/figcaption><\/figure>\n\n\n\n<p>En diciembre, llegaron a Francia y se instalaron en Par\u00eds, donde Emiliano encontr\u00f3 trabajo como mec\u00e1nico.<\/p>\n\n\n\n<p>Este fin de semana de Pascuas, Pennice y Maldonado decidieron hacer un viaje junto a un amigo, tambi\u00e9n sanjuanino, Juan Francisco D\u00edaz. Los tres viajaron a Luxemburgo, pa\u00eds que limita al norte. Fue al regresar cuando ocurri\u00f3 el accidente.<\/p>\n\n\n\n<figure class=\"wp-block-image\"><img decoding=\"async\" src=\"https:\/\/tn.com.ar\/resizer\/oCURX_S-Nt8NJSAQqQd5fl-WPYQ=\/767x0\/smart\/filters:format(webp)\/cloudfront-us-east-1.images.arcpublishing.com\/artear\/XHKDA4CBV5CNBGKCIZRQUOQYBY.JPG\" alt=\"(Foto: Gentileza Diario de Cuyo)\"\/><figcaption class=\"wp-element-caption\">(Foto: Gentileza Diario de Cuyo)<\/figcaption><\/figure>\n\n\n\n<p>Tras la tragedia, el padre de Pennice revel\u00f3 que el conductor que embisti\u00f3 a los j\u00f3venes estaba alcoholizado. \u201c<strong>Mi hijo, Emiliano, jam\u00e1s tomaba alcohol<\/strong>. Es una tragedia que dos vidas inocentes hayan sido arrebatadas de esta manera. Queremos que esta noticia se difunda, para que sirva de conciencia de cientos de familias. Si se consume alcohol, no se debe conducir\u201d, expres\u00f3 en declaraciones con el medio local<em>&nbsp;Canal 8<\/em>.<\/p>\n\n\n\n<p>Esto tambi\u00e9n era sustentado por la misma v\u00edctima, quien en la descripci\u00f3n de su cuenta de Facebook asum\u00eda: \u201cTodo a pulm\u00f3n.&nbsp;<strong>Libre de humo y alcohol<\/strong>\u201d.<\/p>\n\n\n\n<p>Emiliano tambi\u00e9n era sobrino del reconocido bandoneonista<strong>&nbsp;Juan Pablo Jofr\u00e9<\/strong>, quien lo despidi\u00f3 en un posteo de su cuenta de Facebook: \u201cDescansen en paz Emi y Noe. Gracias a todos por el apoyo, estoy eternamente agradecido\u201d, escribi\u00f3.<\/p>\n\n\n\n<figure class=\"wp-block-image\"><img decoding=\"async\" src=\"https:\/\/tn.com.ar\/resizer\/KrfQvCGZWVz0k3-mYHyQ-_P01s4=\/767x0\/smart\/filters:format(webp)\/cloudfront-us-east-1.images.arcpublishing.com\/artear\/2NQX6UFTQFEAHOPJDFKUZT52Z4.PNG\" alt=\"Tras el siniestro, Noelia muri\u00f3 en el acto mientras que Emiliano permaneci\u00f3 cuatro d\u00edas internado antes de su fallecimiento. (Foto: gentileza El Zonda)\"\/><figcaption class=\"wp-element-caption\">Tras el siniestro, Noelia muri\u00f3 en el acto mientras que Emiliano permaneci\u00f3 cuatro d\u00edas internado antes de su fallecimiento. (Foto: gentileza El Zonda)<\/figcaption><\/figure>\n\n\n\n<p>Asimismo, revel\u00f3 detalles de lo que sucedi\u00f3 la noche de la tragedia: \u201cMi querido y joven sobrino Emiliano, a quien sostuve en mis brazos cuando naci\u00f3, ha sufrido un grave accidente de coche hace 2 d\u00edas cuando regresaba de Luxemburgo a Par\u00eds, el lugar que recientemente eligi\u00f3 vivir.\u00a0<strong>Un coche lo golpe\u00f3 por detr\u00e1s en una noche lluviosa<\/strong>\u201d.<\/p>\n\n\n\n<p>En el choque, Noelia perdi\u00f3 la vida al instante mientras que Emiliano sufri\u00f3 una fractura en la v\u00e9rtebra a la altura de la cervical y un paro card\u00edaco que los param\u00e9dicos tardaron en reanimar, lo que le produjo muerte cerebral. Tras cuatro d\u00edas internado, falleci\u00f3 este jueves.<\/p>\n","protected":false},"excerpt":{"rendered":"<p>Este s\u00e1bado por la noche, un\u00a0accidente automovil\u00edstico se cobr\u00f3 la vida de una joven pareja de sanjuaninos que viv\u00edan en Francia\u00a0y gener\u00f3 conmoci\u00f3n. El siniestro ocurri\u00f3 en la comuna Tilloy-et-Bellay&hellip; <\/p>\n","protected":false},"author":12,"featured_media":137956,"comment_status":"closed","ping_status":"open","sticky":false,"template":"","format":"standard","meta":{"footnotes":""},"categories":[11],"tags":[],"class_list":["post-137943","post","type-post","status-publish","format-standard","has-post-thumbnail","hentry","category-internacionales"],"_links":{"self":[{"href":"https:\/\/corrientesdetarde.com\/index.php\/wp-json\/wp\/v2\/posts\/137943","targetHints":{"allow":["GET"]}}],"collection":[{"href":"https:\/\/corrientesdetarde.com\/index.php\/wp-json\/wp\/v2\/posts"}],"about":[{"href":"https:\/\/corrientesdetarde.com\/index.php\/wp-json\/wp\/v2\/types\/post"}],"author":[{"embeddable":true,"href":"https:\/\/corrientesdetarde.com\/index.php\/wp-json\/wp\/v2\/users\/12"}],"replies":[{"embeddable":true,"href":"https:\/\/corrientesdetarde.com\/index.php\/wp-json\/wp\/v2\/comments?post=137943"}],"version-history":[{"count":1,"href":"https:\/\/corrientesdetarde.com\/index.php\/wp-json\/wp\/v2\/posts\/137943\/revisions"}],"predecessor-version":[{"id":137957,"href":"https:\/\/corrientesdetarde.com\/index.php\/wp-json\/wp\/v2\/posts\/137943\/revisions\/137957"}],"wp:featuredmedia":[{"embeddable":true,"href":"https:\/\/corrientesdetarde.com\/index.php\/wp-json\/wp\/v2\/media\/137956"}],"wp:attachment":[{"href":"https:\/\/corrientesdetarde.com\/index.php\/wp-json\/wp\/v2\/media?parent=137943"}],"wp:term":[{"taxonomy":"category","embeddable":true,"href":"https:\/\/corrientesdetarde.com\/index.php\/wp-json\/wp\/v2\/categories?post=137943"},{"taxonomy":"post_tag","embeddable":true,"href":"https:\/\/corrientesdetarde.com\/index.php\/wp-json\/wp\/v2\/tags?post=137943"}],"curies":[{"name":"wp","href":"https:\/\/api.w.org\/{rel}","templated":true}]}}