{"id":137946,"date":"2024-04-05T09:27:29","date_gmt":"2024-04-05T12:27:29","guid":{"rendered":"https:\/\/corrientesdetarde.com\/?p=137946"},"modified":"2024-04-05T09:27:41","modified_gmt":"2024-04-05T12:27:41","slug":"la-disenadora-del-iconico-vestido-de-novia-de-lady-di-prepara-una-version-actualizada","status":"publish","type":"post","link":"https:\/\/corrientesdetarde.com\/index.php\/internacionales\/la-disenadora-del-iconico-vestido-de-novia-de-lady-di-prepara-una-version-actualizada\/","title":{"rendered":"La dise\u00f1adora del ic\u00f3nico vestido de novia de Lady Di prepara una versi\u00f3n actualizada"},"content":{"rendered":"\n<p>La dise\u00f1adora del traje de novia que\u00a0Diana de Gales\u00a0llev\u00f3 en 1981 en su boda con el entonces pr\u00edncipe Carlos,\u00a0<strong>Elizabeth Emanuel<\/strong>, prepara una\u00a0<strong>versi\u00f3n moderna de ese ic\u00f3nico vestido<\/strong>, seg\u00fan le anunci\u00f3 la creadora inglesa a la revista People esta semana.<\/p>\n\n\n\n<p>\u201cVoy a intentar capturar el esp\u00edritu del original, pero a trav\u00e9s de mi visi\u00f3n actual.&nbsp;<strong>Quiero conservar todos los destellos y perlas pero con una visi\u00f3n completamente diferente<\/strong>\u201d, dijo.<\/p>\n\n\n\n<figure class=\"wp-block-image\"><img decoding=\"async\" src=\"https:\/\/tn.com.ar\/resizer\/KdjvfY79exK5YNwSZKN0P4sgwzg=\/767x0\/smart\/filters:format(webp)\/cloudfront-us-east-1.images.arcpublishing.com\/artear\/7TIKF7CDZBCKVJMZEF2JFXCQAM.jpeg\" alt=\"Elizabeth Emanuel muestra el nuevo vestido de novia inspirado en el que llev\u00f3 Lady Di. (Foto: @elizabethemanuelofficial)\"\/><figcaption class=\"wp-element-caption\">Elizabeth Emanuel muestra el nuevo vestido de novia inspirado en el que llev\u00f3 Lady Di. (Foto: @elizabethemanuelofficial)<\/figcaption><\/figure>\n\n\n\n<h2 class=\"wp-block-heading\">El vestido de novia de Lady Di<\/h2>\n\n\n\n<p>Emanuel dise\u00f1\u00f3 ese vestido junto a su exmarido, David. El&nbsp;<strong>suntuoso traje de seda color marfil, con una cola de m\u00e1s de siete metros y un velo que superaba los 140<\/strong>, junto a su escote de pico y mangas abullonadas, defini\u00f3 una \u00e9poca y otorg\u00f3 un reconocimiento mundial a la pareja de dise\u00f1adores brit\u00e1nicos. Durante d\u00e9cadas fue uno de los&nbsp;<strong>modelos m\u00e1s copiados por las novias en todo el mundo.<\/strong><\/p>\n\n\n\n<figure class=\"wp-block-image\"><img decoding=\"async\" src=\"https:\/\/tn.com.ar\/resizer\/C2w9YHzmgr4AOYAMYdd8QPaUYoc=\/767x0\/smart\/filters:format(webp)\/cloudfront-us-east-1.images.arcpublishing.com\/artear\/HIEMSDQKHBFT5CMHYKYUNRPTNQ.jpg\" alt=\"Lady Di y su vestido de novia. (Foto: AP).\"\/><figcaption class=\"wp-element-caption\">Lady Di y su vestido de novia. (Foto: AP).<\/figcaption><\/figure>\n\n\n\n<p>\u201cEs algo realmente emocionante porque a menudo me preguntan: \u2018\u00bfVolver\u00edas a hacer el mismo vestido?\u2019 Bueno, no cambiar\u00eda nada del de 1981, pero si lo mirara a trav\u00e9s de mis ojos de ahora hay much\u00edsimas posibilidades\u201d, apunt\u00f3 Emanuel a People.<\/p>\n\n\n\n<p>Tanto ella como David prepararon de hecho en 1981 un&nbsp;<strong>segundo vestido de boda<\/strong>, m\u00e1s sencillo, por precauci\u00f3n: \u201cEstaba un poco neur\u00f3tica y pens\u00e9: \u2018\u00bfQu\u00e9 pasa si alguien entra y roba el vestido o algo se derrama, hay un incendio o lo roban?\u2019. As\u00ed que pens\u00e9: \u2018Voy a hacer un vestido de reserva\u2019\u201d.<\/p>\n\n\n\n<p>Ese vestido extra, de cuya existencia no se inform\u00f3 a Diana para no preocuparla, era de&nbsp;<strong>seda blanca<\/strong>, carec\u00eda de la larga cola del otro y sus mangas estaban m\u00e1s ajustadas a los brazos, pero no lleg\u00f3 a acabarse y&nbsp;<strong>la dise\u00f1adora dice no estar segura de qu\u00e9 fue de \u00e9l.<\/strong><\/p>\n\n\n\n<figure class=\"wp-block-image\"><img decoding=\"async\" src=\"https:\/\/tn.com.ar\/resizer\/SOjLV1qIOBqq3h7rJNvcZL_Ev8s=\/767x0\/smart\/filters:format(webp)\/cloudfront-us-east-1.images.arcpublishing.com\/artear\/CCEQXZE6BJEFVJX6WW4ERPZAZA.jpeg\" alt=\"La dise\u00f1adora trabajando en su atelier. (Foto: @elizabethemanuelofficial)\"\/><figcaption class=\"wp-element-caption\">La dise\u00f1adora trabajando en su atelier. (Foto: @elizabethemanuelofficial)<\/figcaption><\/figure>\n\n\n\n<figure class=\"wp-block-image\"><img decoding=\"async\" src=\"https:\/\/tn.com.ar\/resizer\/ziNPTu4ofzpq70B8gpZO3f5EWos=\/767x0\/smart\/filters:format(webp)\/cloudfront-us-east-1.images.arcpublishing.com\/artear\/JY373S2NWNBOBN3XONS2ZIHBNA.jpeg\" alt=\"Detalle del nuevo dise\u00f1o del vestido de Lady Di. (Foto: @elizabethemanuelofficial)\"\/><figcaption class=\"wp-element-caption\">Detalle del nuevo dise\u00f1o del vestido de Lady Di. (Foto: @elizabethemanuelofficial)<\/figcaption><\/figure>\n\n\n\n<h2 class=\"wp-block-heading\">El vestido de Diana en el museo<\/h2>\n\n\n\n<p>Emanuel ha recreado ya ese segundo traje para la exposici\u00f3n del&nbsp;<strong>The Princess Diana Museum<\/strong>, dedicado a la vida y el legado de Lady Di, y se bas\u00f3 para ello en fotograf\u00edas tomadas entonces, pero la dise\u00f1adora avanza que su siguiente \u201cgran proyecto\u201d es la secuela del original.<\/p>\n\n\n\n<p>Muy pronto se ver\u00e1 el resultado final, aunque por supuesto, ya hubo un anticipo en las redes sociales.<\/p>\n","protected":false},"excerpt":{"rendered":"<p>La dise\u00f1adora del traje de novia que\u00a0Diana de Gales\u00a0llev\u00f3 en 1981 en su boda con el entonces pr\u00edncipe Carlos,\u00a0Elizabeth Emanuel, prepara una\u00a0versi\u00f3n moderna de ese ic\u00f3nico vestido, seg\u00fan le anunci\u00f3&hellip; <\/p>\n","protected":false},"author":12,"featured_media":137948,"comment_status":"closed","ping_status":"open","sticky":false,"template":"","format":"standard","meta":{"footnotes":""},"categories":[11],"tags":[],"class_list":["post-137946","post","type-post","status-publish","format-standard","has-post-thumbnail","hentry","category-internacionales"],"_links":{"self":[{"href":"https:\/\/corrientesdetarde.com\/index.php\/wp-json\/wp\/v2\/posts\/137946","targetHints":{"allow":["GET"]}}],"collection":[{"href":"https:\/\/corrientesdetarde.com\/index.php\/wp-json\/wp\/v2\/posts"}],"about":[{"href":"https:\/\/corrientesdetarde.com\/index.php\/wp-json\/wp\/v2\/types\/post"}],"author":[{"embeddable":true,"href":"https:\/\/corrientesdetarde.com\/index.php\/wp-json\/wp\/v2\/users\/12"}],"replies":[{"embeddable":true,"href":"https:\/\/corrientesdetarde.com\/index.php\/wp-json\/wp\/v2\/comments?post=137946"}],"version-history":[{"count":1,"href":"https:\/\/corrientesdetarde.com\/index.php\/wp-json\/wp\/v2\/posts\/137946\/revisions"}],"predecessor-version":[{"id":137949,"href":"https:\/\/corrientesdetarde.com\/index.php\/wp-json\/wp\/v2\/posts\/137946\/revisions\/137949"}],"wp:featuredmedia":[{"embeddable":true,"href":"https:\/\/corrientesdetarde.com\/index.php\/wp-json\/wp\/v2\/media\/137948"}],"wp:attachment":[{"href":"https:\/\/corrientesdetarde.com\/index.php\/wp-json\/wp\/v2\/media?parent=137946"}],"wp:term":[{"taxonomy":"category","embeddable":true,"href":"https:\/\/corrientesdetarde.com\/index.php\/wp-json\/wp\/v2\/categories?post=137946"},{"taxonomy":"post_tag","embeddable":true,"href":"https:\/\/corrientesdetarde.com\/index.php\/wp-json\/wp\/v2\/tags?post=137946"}],"curies":[{"name":"wp","href":"https:\/\/api.w.org\/{rel}","templated":true}]}}