{"id":137947,"date":"2024-04-05T09:30:35","date_gmt":"2024-04-05T12:30:35","guid":{"rendered":"https:\/\/corrientesdetarde.com\/?p=137947"},"modified":"2024-04-05T09:30:47","modified_gmt":"2024-04-05T12:30:47","slug":"la-uolra-presente-reunion-de-la-cgt-para-analizar-medidas-de-accion","status":"publish","type":"post","link":"https:\/\/corrientesdetarde.com\/index.php\/politica\/la-uolra-presente-reunion-de-la-cgt-para-analizar-medidas-de-accion\/","title":{"rendered":"LA UOLRA PRESENTE REUNI\u00d3N DE LA CGT PARA ANALIZAR MEDIDAS DE ACCI\u00d3N"},"content":{"rendered":"\n<p>Este mi\u00e9rcoles en las instalaciones de UPCN, las autoridades de la central obrera se reunieron para analizar y debatir debatieron las distintas situaciones que est\u00e1n sufriendo las trabajadoras y trabajadores del \u00e1mbito privado y p\u00fablico en este marco de crueldad y ajuste que lleva adelante el gobierno nacional.<\/p>\n\n\n\n<p>All\u00ed, encabezados por los cotitulares de la CG, Pablo Moyano y H\u00e9ctor Daer, se dio lugar a un encuentro de la mesa chica de la central obrera de la que participaron el Secretario General de la UOLRA, Luis C\u00e1ceres, Andr\u00e9s Rodr\u00edguez (UPCN), Gerardo Mart\u00ednez (UOCRA) y Jos\u00e9 Luis<br>Lingeri (Obras Sanitarias) entre otros dirigentes.<\/p>\n\n\n\n<p>Con la conflictividad social y laboral en aumento, la CGT confirm\u00f3 que el pr\u00f3ximo jueves 11 de abril se reunir\u00e1 el Consejo Directivo para definir las medidas a llevar contra las pol\u00edticas de hambre y desocupaci\u00f3n de Javier Milei.<\/p>\n\n\n\n<p>Entre estas medidas, se mencion\u00f3 el acompa\u00f1amiento a la lucha de los sindicatos universitarios que est\u00e1n peleando por presupuesto para las universidades p\u00fablicas.<\/p>\n\n\n\n<p>Luego del encuentro, Daer expres\u00f3 que el objetivo es empezar a estrechar lazos con sectores de la dirigencia pol\u00edtica, a los que ve desmovilizados pese a \u201clos atropellos\u201d permanentes del Gobierno, especialmente contra el sector estatal.<\/p>\n\n\n\n<p>Adem\u00e1s, el 1\u00ba de mayo la CGT realizar\u00e1 una gran movilizaci\u00f3n en el marco del D\u00eda Internacional del Trabajo.<\/p>\n","protected":false},"excerpt":{"rendered":"<p>Este mi\u00e9rcoles en las instalaciones de UPCN, las autoridades de la central obrera se reunieron para analizar y debatir debatieron las distintas situaciones que est\u00e1n sufriendo las trabajadoras y trabajadores&hellip; <\/p>\n","protected":false},"author":11,"featured_media":137950,"comment_status":"closed","ping_status":"open","sticky":false,"template":"","format":"standard","meta":{"footnotes":""},"categories":[3],"tags":[284,609],"class_list":["post-137947","post","type-post","status-publish","format-standard","has-post-thumbnail","hentry","category-politica","tag-cgt","tag-uolra"],"_links":{"self":[{"href":"https:\/\/corrientesdetarde.com\/index.php\/wp-json\/wp\/v2\/posts\/137947","targetHints":{"allow":["GET"]}}],"collection":[{"href":"https:\/\/corrientesdetarde.com\/index.php\/wp-json\/wp\/v2\/posts"}],"about":[{"href":"https:\/\/corrientesdetarde.com\/index.php\/wp-json\/wp\/v2\/types\/post"}],"author":[{"embeddable":true,"href":"https:\/\/corrientesdetarde.com\/index.php\/wp-json\/wp\/v2\/users\/11"}],"replies":[{"embeddable":true,"href":"https:\/\/corrientesdetarde.com\/index.php\/wp-json\/wp\/v2\/comments?post=137947"}],"version-history":[{"count":1,"href":"https:\/\/corrientesdetarde.com\/index.php\/wp-json\/wp\/v2\/posts\/137947\/revisions"}],"predecessor-version":[{"id":137951,"href":"https:\/\/corrientesdetarde.com\/index.php\/wp-json\/wp\/v2\/posts\/137947\/revisions\/137951"}],"wp:featuredmedia":[{"embeddable":true,"href":"https:\/\/corrientesdetarde.com\/index.php\/wp-json\/wp\/v2\/media\/137950"}],"wp:attachment":[{"href":"https:\/\/corrientesdetarde.com\/index.php\/wp-json\/wp\/v2\/media?parent=137947"}],"wp:term":[{"taxonomy":"category","embeddable":true,"href":"https:\/\/corrientesdetarde.com\/index.php\/wp-json\/wp\/v2\/categories?post=137947"},{"taxonomy":"post_tag","embeddable":true,"href":"https:\/\/corrientesdetarde.com\/index.php\/wp-json\/wp\/v2\/tags?post=137947"}],"curies":[{"name":"wp","href":"https:\/\/api.w.org\/{rel}","templated":true}]}}